{"id":66769,"date":"2025-07-14T00:04:34","date_gmt":"2025-07-14T06:04:34","guid":{"rendered":"https:\/\/politicosaldesnudo.com.mx\/?p=66769"},"modified":"2025-07-13T19:15:03","modified_gmt":"2025-07-14T01:15:03","slug":"supervisan-comunidades-que-seran-beneficiadas-por-la-central-de-ciclo-combinado","status":"publish","type":"post","link":"https:\/\/politicosaldesnudo.com.mx\/index.php\/2025\/07\/14\/supervisan-comunidades-que-seran-beneficiadas-por-la-central-de-ciclo-combinado\/","title":{"rendered":"Supervisan Comunidades que ser\u00e1n beneficiadas por la Central de Ciclo Combinado"},"content":{"rendered":"<p>Un grupo de representantes locales, incluyendo al alcalde electo Daniel Cortina Mart\u00ednez, particip\u00f3 en una serie de recorridos informativos por las comunidades de El Coyol, Tierra Blanca, Playa San Antonio, La Mata, Laja de Colom\u00e1n y Alto de San Lorenzo, estas visitas, organizadas por CFE Energ\u00eda y Transportadora de Gas Natural de la Huasteca; TGNH, tuvieron como objetivo principal acercar a los habitantes el proyecto de la central de ciclo combinado, una iniciativa que promete impulsar el desarrollo y bienestar en la regi\u00f3n.<\/p>\n<p>Durante las jornadas, se destac\u00f3 la presencia de las nuevas autoridades del municipio, lo que subraya el compromiso con el progreso de estas localidades y la importancia de la colaboraci\u00f3n entre las entidades gubernamentales y las empresas involucradas, adem\u00e1s se agradeci\u00f3 el inter\u00e9s mostrado en el impacto positivo que el proyecto tendr\u00e1 en las comunidades.<\/p>\n<p>El \u00e9xito de estos recorridos se atribuye en gran medida a la dedicaci\u00f3n del personal de CFE Energ\u00eda y TGNH, se extendi\u00f3 un reconocimiento especial a Horacio Mart\u00ednez, gerente de Gesti\u00f3n Social de CFE Energ\u00eda; Ra\u00fal Arias Ch\u00e1vez, gerente de Comunidades; y a Sandra Mora, gestora de Comunidades de TGNH, su atenci\u00f3n y el esfuerzo invertido en la organizaci\u00f3n y desarrollo de las visitas fueron fundamentales para asegurar una comunicaci\u00f3n efectiva con los residentes y abordar sus inquietudes, as\u00ed lo dio a concer el edil Axel Bernal, qui\u00e9n particip\u00f3 activamente en esta gira de trabajo.<\/p>\n<p>Dijo que la central de ciclo combinado representa una iniciativa clave para el futuro energ\u00e9tico y socioecon\u00f3mico de este municipio y sus comunidades aleda\u00f1as, y que estos recorridos no solo sirvieron para informar a la poblaci\u00f3n sobre los alcances del proyecto, sino tambi\u00e9n para fortalecer los lazos entre las empresas, las autoridades locales y los ciudadanos, sentando las bases para una implementaci\u00f3n exitosa y beneficiosa para todos.<\/p>\n","protected":false},"excerpt":{"rendered":"<p>Un grupo de representantes locales, incluyendo al alcalde electo Daniel Cortina Mart\u00ednez, particip\u00f3 en una serie de recorridos informativos por<\/p>\n","protected":false},"author":4,"featured_media":66770,"comment_status":"closed","ping_status":"closed","sticky":false,"template":"","format":"standard","meta":{"colormag_page_container_layout":"default_layout","colormag_page_sidebar_layout":"default_layout","_jetpack_memberships_contains_paid_content":false,"footnotes":"","jetpack_publicize_message":"","jetpack_publicize_feature_enabled":true,"jetpack_social_post_already_shared":true,"jetpack_social_options":{"image_generator_settings":{"template":"highway","default_image_id":0,"font":"","enabled":false},"version":2}},"categories":[1082],"tags":[],"class_list":["post-66769","post","type-post","status-publish","format-standard","has-post-thumbnail","hentry","category-tuxpan"],"jetpack_publicize_connections":[],"jetpack_featured_media_url":"https:\/\/i0.wp.com\/politicosaldesnudo.com.mx\/wp-content\/uploads\/2025\/07\/WhatsApp-Image-2025-07-13-at-13.40.07-1.jpg?fit=1280%2C814&ssl=1","jetpack-related-posts":[],"jetpack_sharing_enabled":true,"_links":{"self":[{"href":"https:\/\/politicosaldesnudo.com.mx\/index.php\/wp-json\/wp\/v2\/posts\/66769","targetHints":{"allow":["GET"]}}],"collection":[{"href":"https:\/\/politicosaldesnudo.com.mx\/index.php\/wp-json\/wp\/v2\/posts"}],"about":[{"href":"https:\/\/politicosaldesnudo.com.mx\/index.php\/wp-json\/wp\/v2\/types\/post"}],"author":[{"embeddable":true,"href":"https:\/\/politicosaldesnudo.com.mx\/index.php\/wp-json\/wp\/v2\/users\/4"}],"replies":[{"embeddable":true,"href":"https:\/\/politicosaldesnudo.com.mx\/index.php\/wp-json\/wp\/v2\/comments?post=66769"}],"version-history":[{"count":0,"href":"https:\/\/politicosaldesnudo.com.mx\/index.php\/wp-json\/wp\/v2\/posts\/66769\/revisions"}],"wp:featuredmedia":[{"embeddable":true,"href":"https:\/\/politicosaldesnudo.com.mx\/index.php\/wp-json\/wp\/v2\/media\/66770"}],"wp:attachment":[{"href":"https:\/\/politicosaldesnudo.com.mx\/index.php\/wp-json\/wp\/v2\/media?parent=66769"}],"wp:term":[{"taxonomy":"category","embeddable":true,"href":"https:\/\/politicosaldesnudo.com.mx\/index.php\/wp-json\/wp\/v2\/categories?post=66769"},{"taxonomy":"post_tag","embeddable":true,"href":"https:\/\/politicosaldesnudo.com.mx\/index.php\/wp-json\/wp\/v2\/tags?post=66769"}],"curies":[{"name":"wp","href":"https:\/\/api.w.org\/{rel}","templated":true}]}}