{"id":66846,"date":"2025-07-15T00:01:36","date_gmt":"2025-07-15T06:01:36","guid":{"rendered":"https:\/\/politicosaldesnudo.com.mx\/?p=66846"},"modified":"2025-07-15T01:08:20","modified_gmt":"2025-07-15T07:08:20","slug":"reparan-la-carretera-federal-tuxpan-tampico","status":"publish","type":"post","link":"https:\/\/politicosaldesnudo.com.mx\/index.php\/2025\/07\/15\/reparan-la-carretera-federal-tuxpan-tampico\/","title":{"rendered":"Reparan la carretera federal Tuxpan-Tampico"},"content":{"rendered":"<p>Tras las constantes quejas de automovilistas y transportistas por el mal estado de la carretera federal Tuxpan\u2013Tampico, autoridades iniciaron trabajos de reparaci\u00f3n en diversos tramos que presentaban severos da\u00f1os, especialmente en zonas cercanas a la entrada y salida de Tuxpan.<\/p>\n<p>Durante las \u00faltimas semanas, las lluvias intensas que han ca\u00eddo en la regi\u00f3n contribuyeron al deterioro de la cinta asf\u00e1ltica, provocando baches de gran tama\u00f1o y hundimientos que representaban un riesgo para los conductores. Las labores de rehabilitaci\u00f3n incluyen bacheo emergente, relleno de grietas y nivelaci\u00f3n del terreno, en un intento por mejorar la seguridad y fluidez del tr\u00e1nsito.<\/p>\n<p>Transportistas de carga, choferes de autobuses y particulares celebraron el inicio de estas acciones, aunque expresaron que las reparaciones deber\u00edan ser m\u00e1s profundas y duraderas, ya que se trata de una v\u00eda de gran afluencia que conecta a la zona norte del estado con el sur de Tamaulipas.<\/p>\n<p>Se espera que las labores contin\u00faen en los pr\u00f3ximos d\u00edas, priorizando los tramos m\u00e1s afectados. No obstante, autoridades exhortaron a los conductores a manejar con precauci\u00f3n debido a la presencia de maquinaria y personal trabajando\u00a0en\u00a0la\u00a0v\u00eda.<\/p>\n","protected":false},"excerpt":{"rendered":"<p>Tras las constantes quejas de automovilistas y transportistas por el mal estado de la carretera federal Tuxpan\u2013Tampico, autoridades iniciaron trabajos<\/p>\n","protected":false},"author":4,"featured_media":66847,"comment_status":"closed","ping_status":"closed","sticky":false,"template":"","format":"standard","meta":{"colormag_page_container_layout":"default_layout","colormag_page_sidebar_layout":"default_layout","_jetpack_memberships_contains_paid_content":false,"footnotes":"","jetpack_publicize_message":"","jetpack_publicize_feature_enabled":true,"jetpack_social_post_already_shared":true,"jetpack_social_options":{"image_generator_settings":{"template":"highway","default_image_id":0,"font":"","enabled":false},"version":2}},"categories":[1082],"tags":[],"class_list":["post-66846","post","type-post","status-publish","format-standard","has-post-thumbnail","hentry","category-tuxpan"],"jetpack_publicize_connections":[],"jetpack_featured_media_url":"https:\/\/i0.wp.com\/politicosaldesnudo.com.mx\/wp-content\/uploads\/2025\/07\/REP.jpg?fit=1200%2C900&ssl=1","jetpack-related-posts":[],"jetpack_sharing_enabled":true,"_links":{"self":[{"href":"https:\/\/politicosaldesnudo.com.mx\/index.php\/wp-json\/wp\/v2\/posts\/66846","targetHints":{"allow":["GET"]}}],"collection":[{"href":"https:\/\/politicosaldesnudo.com.mx\/index.php\/wp-json\/wp\/v2\/posts"}],"about":[{"href":"https:\/\/politicosaldesnudo.com.mx\/index.php\/wp-json\/wp\/v2\/types\/post"}],"author":[{"embeddable":true,"href":"https:\/\/politicosaldesnudo.com.mx\/index.php\/wp-json\/wp\/v2\/users\/4"}],"replies":[{"embeddable":true,"href":"https:\/\/politicosaldesnudo.com.mx\/index.php\/wp-json\/wp\/v2\/comments?post=66846"}],"version-history":[{"count":0,"href":"https:\/\/politicosaldesnudo.com.mx\/index.php\/wp-json\/wp\/v2\/posts\/66846\/revisions"}],"wp:featuredmedia":[{"embeddable":true,"href":"https:\/\/politicosaldesnudo.com.mx\/index.php\/wp-json\/wp\/v2\/media\/66847"}],"wp:attachment":[{"href":"https:\/\/politicosaldesnudo.com.mx\/index.php\/wp-json\/wp\/v2\/media?parent=66846"}],"wp:term":[{"taxonomy":"category","embeddable":true,"href":"https:\/\/politicosaldesnudo.com.mx\/index.php\/wp-json\/wp\/v2\/categories?post=66846"},{"taxonomy":"post_tag","embeddable":true,"href":"https:\/\/politicosaldesnudo.com.mx\/index.php\/wp-json\/wp\/v2\/tags?post=66846"}],"curies":[{"name":"wp","href":"https:\/\/api.w.org\/{rel}","templated":true}]}}