{"id":66849,"date":"2025-07-15T00:02:46","date_gmt":"2025-07-15T06:02:46","guid":{"rendered":"https:\/\/politicosaldesnudo.com.mx\/?p=66849"},"modified":"2025-07-14T19:38:13","modified_gmt":"2025-07-15T01:38:13","slug":"jovenes-tuxpenos-conquistan-la-olimpiada-nacional-en-canotaje","status":"publish","type":"post","link":"https:\/\/politicosaldesnudo.com.mx\/index.php\/2025\/07\/15\/jovenes-tuxpenos-conquistan-la-olimpiada-nacional-en-canotaje\/","title":{"rendered":"J\u00f3venes tuxpe\u00f1os conquistan la Olimpiada Nacional en canotaje"},"content":{"rendered":"<p>Con una sobresaliente participaci\u00f3n en la disciplina de canotaje, la delegaci\u00f3n veracruzana integrada en su mayor\u00eda por j\u00f3venes de Tuxpan y P\u00e1nuco obtuvo un destacado resultado en la Olimpiada Nacional CONADE 2025, celebrada este fin de semana en la Pista Internacional de Remo y Canotaje.<\/p>\n<p>El representativo estatal logr\u00f3 una impresionante cosecha de nueve medallas: dos de oro, tres de plata y cuatro de bronce, dejando en claro el alto nivel competitivo y la preparaci\u00f3n de los atletas veracruzanos.<\/p>\n<p>Las preseas doradas llegaron gracias al talento de Diego Armando Jacobo, quien se coron\u00f3 campe\u00f3n nacional en la categor\u00eda C1 1000 metros (17-18 a\u00f1os), y al equipo K4 500 metros (17-18 a\u00f1os), conformado por Carlos Dami\u00e1n Vel\u00e1squez, Diego Armando Jacobo, Florentino Serrano Nieto y Fernando Monte.<\/p>\n<p>Los logros de medalla de plata fueron para:\u00a0 Diego Armando Jacobo, nuevamente en C1 1000 metros; Luis Peternel Licona, en K1 1000 (15-16 a\u00f1os); La dupla Fernando Montes y Carlos Dami\u00e1n Vel\u00e1squez, en K2 500 metros.<\/p>\n<p>En tanto, las preseas de bronce las obtuvieron: Emiliano Frutis y Sa\u00fal Ch\u00e1vez, en K2 500 (13-14 a\u00f1os). El equipo femenil K4 500 (13-14 a\u00f1os): Catherine Aylin Prianti, Claudia Rodr\u00edguez, B\u00e1rbara Galv\u00e1nica y Pilar Aizcorbe; Fernando Montes, en K1 200 metros (17-18 varonil)<\/p>\n<p>El equipo K4 500 (13-14 a\u00f1os): Emiliano Frutis, Sa\u00fal Ch\u00e1vez, Leonardo Obando y Mat\u00edas S\u00e1nchez.<\/p>\n<p>Las autoridades deportivas del estado reconocieron el esfuerzo de los atletas, entrenadores y familias que hicieron posible este resultado, subrayando el compromiso de seguir impulsando el desarrollo del deporte en el norte de Veracruz.<\/p>\n<p>Con este resultado, la delegaci\u00f3n tuxpe\u00f1a regresa a casa con la frente en alto, consolidando a Veracruz como potencia nacional en canotaje y demostrando que el deporte tambi\u00e9n transforma\u00a0comunidades.<\/p>\n","protected":false},"excerpt":{"rendered":"<p>Con una sobresaliente participaci\u00f3n en la disciplina de canotaje, la delegaci\u00f3n veracruzana integrada en su mayor\u00eda por j\u00f3venes de Tuxpan<\/p>\n","protected":false},"author":4,"featured_media":66850,"comment_status":"closed","ping_status":"closed","sticky":false,"template":"","format":"standard","meta":{"colormag_page_container_layout":"default_layout","colormag_page_sidebar_layout":"default_layout","_jetpack_memberships_contains_paid_content":false,"footnotes":"","jetpack_publicize_message":"","jetpack_publicize_feature_enabled":true,"jetpack_social_post_already_shared":true,"jetpack_social_options":{"image_generator_settings":{"template":"highway","default_image_id":0,"font":"","enabled":false},"version":2}},"categories":[1082],"tags":[],"class_list":["post-66849","post","type-post","status-publish","format-standard","has-post-thumbnail","hentry","category-tuxpan"],"jetpack_publicize_connections":[],"jetpack_featured_media_url":"https:\/\/i0.wp.com\/politicosaldesnudo.com.mx\/wp-content\/uploads\/2025\/07\/CANM.jpg?fit=1080%2C720&ssl=1","jetpack-related-posts":[],"jetpack_sharing_enabled":true,"_links":{"self":[{"href":"https:\/\/politicosaldesnudo.com.mx\/index.php\/wp-json\/wp\/v2\/posts\/66849","targetHints":{"allow":["GET"]}}],"collection":[{"href":"https:\/\/politicosaldesnudo.com.mx\/index.php\/wp-json\/wp\/v2\/posts"}],"about":[{"href":"https:\/\/politicosaldesnudo.com.mx\/index.php\/wp-json\/wp\/v2\/types\/post"}],"author":[{"embeddable":true,"href":"https:\/\/politicosaldesnudo.com.mx\/index.php\/wp-json\/wp\/v2\/users\/4"}],"replies":[{"embeddable":true,"href":"https:\/\/politicosaldesnudo.com.mx\/index.php\/wp-json\/wp\/v2\/comments?post=66849"}],"version-history":[{"count":0,"href":"https:\/\/politicosaldesnudo.com.mx\/index.php\/wp-json\/wp\/v2\/posts\/66849\/revisions"}],"wp:featuredmedia":[{"embeddable":true,"href":"https:\/\/politicosaldesnudo.com.mx\/index.php\/wp-json\/wp\/v2\/media\/66850"}],"wp:attachment":[{"href":"https:\/\/politicosaldesnudo.com.mx\/index.php\/wp-json\/wp\/v2\/media?parent=66849"}],"wp:term":[{"taxonomy":"category","embeddable":true,"href":"https:\/\/politicosaldesnudo.com.mx\/index.php\/wp-json\/wp\/v2\/categories?post=66849"},{"taxonomy":"post_tag","embeddable":true,"href":"https:\/\/politicosaldesnudo.com.mx\/index.php\/wp-json\/wp\/v2\/tags?post=66849"}],"curies":[{"name":"wp","href":"https:\/\/api.w.org\/{rel}","templated":true}]}}