{"id":66852,"date":"2025-07-15T00:03:31","date_gmt":"2025-07-15T06:03:31","guid":{"rendered":"https:\/\/politicosaldesnudo.com.mx\/?p=66852"},"modified":"2025-07-15T01:08:40","modified_gmt":"2025-07-15T07:08:40","slug":"ganaderos-se-previenen","status":"publish","type":"post","link":"https:\/\/politicosaldesnudo.com.mx\/index.php\/2025\/07\/15\/ganaderos-se-previenen\/","title":{"rendered":"Ganaderos se previenen"},"content":{"rendered":"<p>Ante el reciente cierre de la frontera de Estados Unidos a la exportaci\u00f3n de ganado mexicano por la alerta del gusano barrenador, autoridades agropecuarias en Tuxpan han reforzado sus llamados a los productores locales para evitar la entrada de esta plaga a la regi\u00f3n. Aunque hasta ahora no se han detectado casos en este municipio, se subraya que una posible infestaci\u00f3n tendr\u00eda consecuencias econ\u00f3micas severas, no solo para los ganaderos, sino para toda la cadena productiva.<\/p>\n<p>Adri\u00e1n Antonio Ch\u00e1vez Rodr\u00edguez, M\u00e9dico Veterinario de la Direcci\u00f3n de Desarrollo Agropecuario, Forestal y Pesca, indic\u00f3 que la regi\u00f3n se mantiene libre del par\u00e1sito, pero que el panorama nacional obliga a todos los productores a asumir un papel activo en la prevenci\u00f3n.<\/p>\n<p>Se\u00f1al\u00f3 que los ganaderos deben revisar a diario a sus animales, prestando especial atenci\u00f3n a heridas recientes y reportando cualquier anomal\u00eda a las autoridades correspondientes.<\/p>\n<p>El especialista explic\u00f3 que la vigilancia y atenci\u00f3n oportuna no solo evitan la propagaci\u00f3n del gusano barrenador, sino que tambi\u00e9n son clave para mantener la viabilidad del comercio ganadero y evitar sanciones internacionales.<\/p>\n<p>\u201cNo podemos esperar a que el problema llegue para actuar; debemos prevenir desde ahora\u201d, afirm\u00f3. Tambi\u00e9n record\u00f3 que, en caso de sospecha, el protocolo incluye inspecci\u00f3n por personal capacitado y an\u00e1lisis de laboratorio para descartar o confirmar la presencia\u00a0del\u00a0par\u00e1sito.<\/p>\n","protected":false},"excerpt":{"rendered":"<p>Ante el reciente cierre de la frontera de Estados Unidos a la exportaci\u00f3n de ganado mexicano por la alerta del<\/p>\n","protected":false},"author":4,"featured_media":66853,"comment_status":"closed","ping_status":"closed","sticky":false,"template":"","format":"standard","meta":{"colormag_page_container_layout":"default_layout","colormag_page_sidebar_layout":"default_layout","_jetpack_memberships_contains_paid_content":false,"footnotes":"","jetpack_publicize_message":"","jetpack_publicize_feature_enabled":true,"jetpack_social_post_already_shared":true,"jetpack_social_options":{"image_generator_settings":{"template":"highway","default_image_id":0,"font":"","enabled":false},"version":2}},"categories":[1082],"tags":[],"class_list":["post-66852","post","type-post","status-publish","format-standard","has-post-thumbnail","hentry","category-tuxpan"],"jetpack_publicize_connections":[],"jetpack_featured_media_url":"https:\/\/i0.wp.com\/politicosaldesnudo.com.mx\/wp-content\/uploads\/2025\/07\/GAN-1.jpg?fit=1200%2C800&ssl=1","jetpack-related-posts":[],"jetpack_sharing_enabled":true,"_links":{"self":[{"href":"https:\/\/politicosaldesnudo.com.mx\/index.php\/wp-json\/wp\/v2\/posts\/66852","targetHints":{"allow":["GET"]}}],"collection":[{"href":"https:\/\/politicosaldesnudo.com.mx\/index.php\/wp-json\/wp\/v2\/posts"}],"about":[{"href":"https:\/\/politicosaldesnudo.com.mx\/index.php\/wp-json\/wp\/v2\/types\/post"}],"author":[{"embeddable":true,"href":"https:\/\/politicosaldesnudo.com.mx\/index.php\/wp-json\/wp\/v2\/users\/4"}],"replies":[{"embeddable":true,"href":"https:\/\/politicosaldesnudo.com.mx\/index.php\/wp-json\/wp\/v2\/comments?post=66852"}],"version-history":[{"count":0,"href":"https:\/\/politicosaldesnudo.com.mx\/index.php\/wp-json\/wp\/v2\/posts\/66852\/revisions"}],"wp:featuredmedia":[{"embeddable":true,"href":"https:\/\/politicosaldesnudo.com.mx\/index.php\/wp-json\/wp\/v2\/media\/66853"}],"wp:attachment":[{"href":"https:\/\/politicosaldesnudo.com.mx\/index.php\/wp-json\/wp\/v2\/media?parent=66852"}],"wp:term":[{"taxonomy":"category","embeddable":true,"href":"https:\/\/politicosaldesnudo.com.mx\/index.php\/wp-json\/wp\/v2\/categories?post=66852"},{"taxonomy":"post_tag","embeddable":true,"href":"https:\/\/politicosaldesnudo.com.mx\/index.php\/wp-json\/wp\/v2\/tags?post=66852"}],"curies":[{"name":"wp","href":"https:\/\/api.w.org\/{rel}","templated":true}]}}