{"id":66855,"date":"2025-07-15T00:04:34","date_gmt":"2025-07-15T06:04:34","guid":{"rendered":"https:\/\/politicosaldesnudo.com.mx\/?p=66855"},"modified":"2025-07-15T01:08:59","modified_gmt":"2025-07-15T07:08:59","slug":"abogados-enfrentan-desafios","status":"publish","type":"post","link":"https:\/\/politicosaldesnudo.com.mx\/index.php\/2025\/07\/15\/abogados-enfrentan-desafios\/","title":{"rendered":"Abogados enfrentan desaf\u00edos"},"content":{"rendered":"<p>En el marco de la celebraci\u00f3n del D\u00eda del Abogado, la comunidad jur\u00eddica se reuni\u00f3 para analizar los desaf\u00edos y oportunidades que presenta el nuevo sistema de justicia oral civil y familiar.<\/p>\n<p>El evento, organizado por la Universidad Popular Aut\u00f3noma de Veracruz (UPAV), cont\u00f3 con la destacada participaci\u00f3n del presidente de la Barra de Abogados Juan Kilimaco Hern\u00e1ndez, quien, por invitaci\u00f3n del Pablo Cruz Osorio, director de la carrera de Derecho de la UPAV, imparti\u00f3 la conferencia magistral \u201cLos retos del abogado litigante frente al nuevo sistema de Justicia oral civil y familiar\u201d.<\/p>\n<p>La charla del tambi\u00e9n abogado se centr\u00f3 en la imperante necesidad de adaptaci\u00f3n y evoluci\u00f3n que enfrenta la profesi\u00f3n legal, subray\u00f3 que la implementaci\u00f3n del C\u00f3digo Nacional de Procedimientos Civiles y Familiares marca un momento de transformaci\u00f3n trascendental.<\/p>\n<p>En este contexto, enfatiz\u00f3 que los litigantes deben estar preparados para afrontar y superar los retos inherentes a estos cambios, recurriendo a herramientas esenciales como la actualizaci\u00f3n y capacitaci\u00f3n constante.<\/p>\n<p>El ponente hizo un llamado a romper paradigmas tradicionales, invitando a los abogados a adoptar una mentalidad de aprendizaje continuo: aprender, desaprender y volver a reaprender.<\/p>\n<p>Este enfoque, argument\u00f3, es crucial para navegar con \u00e9xito en el din\u00e1mico panorama jur\u00eddico actual y para garantizar una defensa efectiva y actualizada de los derechos de los ciudadanos.<\/p>\n","protected":false},"excerpt":{"rendered":"<p>En el marco de la celebraci\u00f3n del D\u00eda del Abogado, la comunidad jur\u00eddica se reuni\u00f3 para analizar los desaf\u00edos y<\/p>\n","protected":false},"author":4,"featured_media":66856,"comment_status":"closed","ping_status":"closed","sticky":false,"template":"","format":"standard","meta":{"colormag_page_container_layout":"default_layout","colormag_page_sidebar_layout":"default_layout","_jetpack_memberships_contains_paid_content":false,"footnotes":"","jetpack_publicize_message":"","jetpack_publicize_feature_enabled":true,"jetpack_social_post_already_shared":true,"jetpack_social_options":{"image_generator_settings":{"template":"highway","default_image_id":0,"font":"","enabled":false},"version":2}},"categories":[1082],"tags":[],"class_list":["post-66855","post","type-post","status-publish","format-standard","has-post-thumbnail","hentry","category-tuxpan"],"jetpack_publicize_connections":[],"jetpack_featured_media_url":"https:\/\/i0.wp.com\/politicosaldesnudo.com.mx\/wp-content\/uploads\/2025\/07\/abog.jpg?fit=1200%2C903&ssl=1","jetpack-related-posts":[],"jetpack_sharing_enabled":true,"_links":{"self":[{"href":"https:\/\/politicosaldesnudo.com.mx\/index.php\/wp-json\/wp\/v2\/posts\/66855","targetHints":{"allow":["GET"]}}],"collection":[{"href":"https:\/\/politicosaldesnudo.com.mx\/index.php\/wp-json\/wp\/v2\/posts"}],"about":[{"href":"https:\/\/politicosaldesnudo.com.mx\/index.php\/wp-json\/wp\/v2\/types\/post"}],"author":[{"embeddable":true,"href":"https:\/\/politicosaldesnudo.com.mx\/index.php\/wp-json\/wp\/v2\/users\/4"}],"replies":[{"embeddable":true,"href":"https:\/\/politicosaldesnudo.com.mx\/index.php\/wp-json\/wp\/v2\/comments?post=66855"}],"version-history":[{"count":0,"href":"https:\/\/politicosaldesnudo.com.mx\/index.php\/wp-json\/wp\/v2\/posts\/66855\/revisions"}],"wp:featuredmedia":[{"embeddable":true,"href":"https:\/\/politicosaldesnudo.com.mx\/index.php\/wp-json\/wp\/v2\/media\/66856"}],"wp:attachment":[{"href":"https:\/\/politicosaldesnudo.com.mx\/index.php\/wp-json\/wp\/v2\/media?parent=66855"}],"wp:term":[{"taxonomy":"category","embeddable":true,"href":"https:\/\/politicosaldesnudo.com.mx\/index.php\/wp-json\/wp\/v2\/categories?post=66855"},{"taxonomy":"post_tag","embeddable":true,"href":"https:\/\/politicosaldesnudo.com.mx\/index.php\/wp-json\/wp\/v2\/tags?post=66855"}],"curies":[{"name":"wp","href":"https:\/\/api.w.org\/{rel}","templated":true}]}}