{"id":6686,"date":"2022-06-16T14:38:29","date_gmt":"2022-06-16T19:38:29","guid":{"rendered":"https:\/\/politicosaldesnudo.com.mx\/?p=6686"},"modified":"2022-06-16T14:40:00","modified_gmt":"2022-06-16T19:40:00","slug":"en-manos-de-la-fgr-investigar-a-alito-por-irregularidades-en-audios","status":"publish","type":"post","link":"https:\/\/politicosaldesnudo.com.mx\/index.php\/2022\/06\/16\/en-manos-de-la-fgr-investigar-a-alito-por-irregularidades-en-audios\/","title":{"rendered":"En manos de la FGR investigar a \u201cAlito\u201d por irregularidades en audios"},"content":{"rendered":"<p class=\"p2\"><span style=\"font-size: 14pt;\"><em><strong>Ciudad de M\u00e9xico.<\/strong><\/em> El presidente\u00a0<strong>Andr\u00e9s Manuel L\u00f3pez Obrador se\u00f1al\u00f3 que corresponde a la\u00a0Fiscal\u00eda General de la Rep\u00fablica (FGR), la decisi\u00f3n de investigar o no al\u00a0dirigente nacional del PRI,\u00a0Alejandro Moreno, \u201cAlito\u201d.<\/strong><\/span><\/p>\n<p class=\"p2\"><span style=\"font-size: 14pt;\">Lo anterior se da en contexto tras la los audios que lo involucran con presuntas irregularidades.<\/span><\/p>\n<blockquote>\n<p class=\"p2\"><span style=\"font-size: 14pt;\">Que lo investiguen las autoridades, porque si no, luego nos acusan de persecuci\u00f3n\u201d<\/span><\/p>\n<\/blockquote>\n<p class=\"p2\"><strong><span style=\"font-size: 18pt;\">En tono de burla dijo \u201cahora no quieren defenderlo sus aliados, del\u00a0PAN\u00a0y\u00a0PRD\u201d<\/span><\/strong><\/p>\n<blockquote>\n<p class=\"p2\"><span style=\"font-size: 14pt;\">Lo que llama la atenci\u00f3n es que est\u00e1n acusando al presidente del PRI y en vez de salir a defenderlo son unos ingratos, se quedan callados. Porque ahora ni lo conocen, cuando \u00e9l les dio todo. \u00bfHa salido este se\u00f1or del PAN a defenderlo?\u00bfNo ha salido\u00a0Diego\u00a0a defenderlo? \u00bfFox? \u00bfCreel? \u00bfCalder\u00f3n? \u00abAlito\u00bb aguanta el pueblo se levante\u201d<\/span><\/p>\n<\/blockquote>\n<p class=\"p2\"><span style=\"font-size: 14pt;\">Y a\u00f1adi\u00f3 que es bueno que se purifique la vida pol\u00edtica del pa\u00eds, ventil\u00e1ndose estos temas, porque antes \u00abhab\u00eda estas fechor\u00edas\u2026 que se hagan p\u00fablicas\u00bb.<\/span><\/p>\n<blockquote>\n<p class=\"p2\"><span style=\"font-size: 14pt;\">Habr\u00e1 que ver lo que van a hacer porque les pagan por legislar, si se niegan a hacerlo que no cobren\u201d<\/span><\/p>\n<\/blockquote>\n<p class=\"p2\"><span style=\"font-size: 18pt;\"><strong>L\u00f3pez Obrador asegur\u00f3 que seguir\u00e1n los cambios importantes en el pa\u00eds, no necesariamente a partir de las modificaciones legislativas.<\/strong><\/span><\/p>\n<p class=\"p2\"><strong><span style=\"font-size: 18pt;\">En el caso del \u00e1mbito electoral, dijo que la democracia depende de la participaci\u00f3n ciudadana, no tanto de autoridades en este \u00e1mbito.<\/span><\/strong><\/p>\n<blockquote>\n<p class=\"p2\"><span style=\"font-size: 14pt;\">Y quienes no quieren est\u00e1\u00a0Reforma Electoral\u00a0es porque \u201cquieren tener a los mismos, ese prototipo de\u00a0Lorenzo C\u00f3rdova, de Ciro Murayama. De cualquier manera ya van a salir y se puede elegir uno mejor\u201d.<\/span><\/p>\n<\/blockquote>\n<p>&nbsp;<\/p>\n<p>&nbsp;<\/p>\n<p>&nbsp;<\/p>\n","protected":false},"excerpt":{"rendered":"<p>Ciudad de M\u00e9xico. El presidente\u00a0Andr\u00e9s Manuel L\u00f3pez Obrador se\u00f1al\u00f3 que corresponde a la\u00a0Fiscal\u00eda General de la Rep\u00fablica (FGR), la decisi\u00f3n [&hellip;]<\/p>\n","protected":false},"author":4,"featured_media":6687,"comment_status":"closed","ping_status":"closed","sticky":false,"template":"","format":"standard","meta":{"site-sidebar-layout":"default","site-content-layout":"","ast-site-content-layout":"default","site-content-style":"default","site-sidebar-style":"default","ast-global-header-display":"","ast-banner-title-visibility":"","ast-main-header-display":"","ast-hfb-above-header-display":"","ast-hfb-below-header-display":"","ast-hfb-mobile-header-display":"","site-post-title":"","ast-breadcrumbs-content":"","ast-featured-img":"","footer-sml-layout":"","ast-disable-related-posts":"","theme-transparent-header-meta":"","adv-header-id-meta":"","stick-header-meta":"","header-above-stick-meta":"","header-main-stick-meta":"","header-below-stick-meta":"","astra-migrate-meta-layouts":"default","ast-page-background-enabled":"default","ast-page-background-meta":{"desktop":{"background-color":"var(--ast-global-color-5)","background-image":"","background-repeat":"repeat","background-position":"center center","background-size":"auto","background-attachment":"scroll","background-type":"","background-media":"","overlay-type":"","overlay-color":"","overlay-opacity":"","overlay-gradient":""},"tablet":{"background-color":"","background-image":"","background-repeat":"repeat","background-position":"center center","background-size":"auto","background-attachment":"scroll","background-type":"","background-media":"","overlay-type":"","overlay-color":"","overlay-opacity":"","overlay-gradient":""},"mobile":{"background-color":"","background-image":"","background-repeat":"repeat","background-position":"center center","background-size":"auto","background-attachment":"scroll","background-type":"","background-media":"","overlay-type":"","overlay-color":"","overlay-opacity":"","overlay-gradient":""}},"ast-content-background-meta":{"desktop":{"background-color":"var(--ast-global-color-4)","background-image":"","background-repeat":"repeat","background-position":"center center","background-size":"auto","background-attachment":"scroll","background-type":"","background-media":"","overlay-type":"","overlay-color":"","overlay-opacity":"","overlay-gradient":""},"tablet":{"background-color":"var(--ast-global-color-4)","background-image":"","background-repeat":"repeat","background-position":"center center","background-size":"auto","background-attachment":"scroll","background-type":"","background-media":"","overlay-type":"","overlay-color":"","overlay-opacity":"","overlay-gradient":""},"mobile":{"background-color":"var(--ast-global-color-4)","background-image":"","background-repeat":"repeat","background-position":"center center","background-size":"auto","background-attachment":"scroll","background-type":"","background-media":"","overlay-type":"","overlay-color":"","overlay-opacity":"","overlay-gradient":""}},"_jetpack_newsletter_access":"","_jetpack_dont_email_post_to_subs":false,"_jetpack_newsletter_tier_id":0,"_jetpack_memberships_contains_paywalled_content":false,"_jetpack_feature_clip_id":0,"_jetpack_memberships_contains_paid_content":false,"footnotes":"","jetpack_publicize_message":"","jetpack_publicize_feature_enabled":true,"jetpack_social_post_already_shared":false,"jetpack_social_options":{"image_generator_settings":{"template":"highway","default_image_id":0,"font":"","enabled":false},"version":2},"jetpack_post_was_ever_published":false},"categories":[33],"tags":[447,307,95,985],"class_list":["post-6686","post","type-post","status-publish","format-standard","has-post-thumbnail","hentry","category-nacional","tag-alejandro-moreno","tag-alito","tag-andres-manuel-lopez-obrador","tag-fgr"],"yoast_head":"<!-- This site is optimized with the Yoast SEO plugin v28.3 - https:\/\/yoast.com\/product\/yoast-seo-wordpress\/ -->\n<title>En manos de la FGR investigar a \u201cAlito\u201d por irregularidades en audios - Pol\u00edticos al Desnudo<\/title>\n<meta name=\"robots\" content=\"index, follow, max-snippet:-1, max-image-preview:large, max-video-preview:-1\" \/>\n<link rel=\"canonical\" href=\"https:\/\/politicosaldesnudo.com.mx\/index.php\/2022\/06\/16\/en-manos-de-la-fgr-investigar-a-alito-por-irregularidades-en-audios\/\" \/>\n<meta property=\"og:locale\" content=\"es_ES\" \/>\n<meta property=\"og:type\" content=\"article\" \/>\n<meta property=\"og:title\" content=\"En manos de la FGR investigar a \u201cAlito\u201d por irregularidades en audios - Pol\u00edticos al Desnudo\" \/>\n<meta property=\"og:description\" content=\"Ciudad de M\u00e9xico. El presidente\u00a0Andr\u00e9s Manuel L\u00f3pez Obrador se\u00f1al\u00f3 que corresponde a la\u00a0Fiscal\u00eda General de la Rep\u00fablica (FGR), la decisi\u00f3n [&hellip;]\" \/>\n<meta property=\"og:url\" content=\"https:\/\/politicosaldesnudo.com.mx\/index.php\/2022\/06\/16\/en-manos-de-la-fgr-investigar-a-alito-por-irregularidades-en-audios\/\" \/>\n<meta property=\"og:site_name\" content=\"Pol\u00edticos al Desnudo\" \/>\n<meta property=\"article:publisher\" content=\"https:\/\/www.facebook.com\/PoliticosAD\" \/>\n<meta property=\"article:published_time\" content=\"2022-06-16T19:38:29+00:00\" \/>\n<meta property=\"article:modified_time\" content=\"2022-06-16T19:40:00+00:00\" \/>\n<meta property=\"og:image\" content=\"https:\/\/i0.wp.com\/politicosaldesnudo.com.mx\/wp-content\/uploads\/2022\/06\/FVTRFT4UcAEiEAK.jpeg?fit=1000%2C668&ssl=1\" \/>\n\t<meta property=\"og:image:width\" content=\"1000\" \/>\n\t<meta property=\"og:image:height\" content=\"668\" \/>\n\t<meta property=\"og:image:type\" content=\"image\/jpeg\" \/>\n<meta name=\"author\" content=\"Redacci\u00f3n Pol\u00edticos\" \/>\n<meta name=\"twitter:card\" content=\"summary_large_image\" \/>\n<meta name=\"twitter:label1\" content=\"Escrito por\" \/>\n\t<meta name=\"twitter:data1\" content=\"Redacci\u00f3n Pol\u00edticos\" \/>\n\t<meta name=\"twitter:label2\" content=\"Tiempo de lectura\" \/>\n\t<meta name=\"twitter:data2\" content=\"1 minuto\" \/>\n<script type=\"application\/ld+json\" class=\"yoast-schema-graph\">{\"@context\":\"https:\\\/\\\/schema.org\",\"@graph\":[{\"@type\":\"Article\",\"@id\":\"https:\\\/\\\/politicosaldesnudo.com.mx\\\/index.php\\\/2022\\\/06\\\/16\\\/en-manos-de-la-fgr-investigar-a-alito-por-irregularidades-en-audios\\\/#article\",\"isPartOf\":{\"@id\":\"https:\\\/\\\/politicosaldesnudo.com.mx\\\/index.php\\\/2022\\\/06\\\/16\\\/en-manos-de-la-fgr-investigar-a-alito-por-irregularidades-en-audios\\\/\"},\"author\":{\"name\":\"Redacci\u00f3n Pol\u00edticos\",\"@id\":\"https:\\\/\\\/politicosaldesnudo.com.mx\\\/#\\\/schema\\\/person\\\/ef3a64e561cc3f3f5dc52fab81adde7e\"},\"headline\":\"En manos de la FGR investigar a \u201cAlito\u201d por irregularidades en audios\",\"datePublished\":\"2022-06-16T19:38:29+00:00\",\"dateModified\":\"2022-06-16T19:40:00+00:00\",\"mainEntityOfPage\":{\"@id\":\"https:\\\/\\\/politicosaldesnudo.com.mx\\\/index.php\\\/2022\\\/06\\\/16\\\/en-manos-de-la-fgr-investigar-a-alito-por-irregularidades-en-audios\\\/\"},\"wordCount\":298,\"publisher\":{\"@id\":\"https:\\\/\\\/politicosaldesnudo.com.mx\\\/#organization\"},\"image\":{\"@id\":\"https:\\\/\\\/politicosaldesnudo.com.mx\\\/index.php\\\/2022\\\/06\\\/16\\\/en-manos-de-la-fgr-investigar-a-alito-por-irregularidades-en-audios\\\/#primaryimage\"},\"thumbnailUrl\":\"https:\\\/\\\/i0.wp.com\\\/politicosaldesnudo.com.mx\\\/wp-content\\\/uploads\\\/2022\\\/06\\\/FVTRFT4UcAEiEAK.jpeg?fit=1000%2C668&ssl=1\",\"keywords\":[\"ALEJANDRO MORENO\",\"ALITO\",\"ANDR\u00c9S MANUEL L\u00d3PEZ OBRADOR\",\"FGR\"],\"articleSection\":[\"NACIONAL\"],\"inLanguage\":\"es\"},{\"@type\":\"WebPage\",\"@id\":\"https:\\\/\\\/politicosaldesnudo.com.mx\\\/index.php\\\/2022\\\/06\\\/16\\\/en-manos-de-la-fgr-investigar-a-alito-por-irregularidades-en-audios\\\/\",\"url\":\"https:\\\/\\\/politicosaldesnudo.com.mx\\\/index.php\\\/2022\\\/06\\\/16\\\/en-manos-de-la-fgr-investigar-a-alito-por-irregularidades-en-audios\\\/\",\"name\":\"En manos de la FGR investigar a \u201cAlito\u201d por irregularidades en audios - Pol\u00edticos al Desnudo\",\"isPartOf\":{\"@id\":\"https:\\\/\\\/politicosaldesnudo.com.mx\\\/#website\"},\"primaryImageOfPage\":{\"@id\":\"https:\\\/\\\/politicosaldesnudo.com.mx\\\/index.php\\\/2022\\\/06\\\/16\\\/en-manos-de-la-fgr-investigar-a-alito-por-irregularidades-en-audios\\\/#primaryimage\"},\"image\":{\"@id\":\"https:\\\/\\\/politicosaldesnudo.com.mx\\\/index.php\\\/2022\\\/06\\\/16\\\/en-manos-de-la-fgr-investigar-a-alito-por-irregularidades-en-audios\\\/#primaryimage\"},\"thumbnailUrl\":\"https:\\\/\\\/i0.wp.com\\\/politicosaldesnudo.com.mx\\\/wp-content\\\/uploads\\\/2022\\\/06\\\/FVTRFT4UcAEiEAK.jpeg?fit=1000%2C668&ssl=1\",\"datePublished\":\"2022-06-16T19:38:29+00:00\",\"dateModified\":\"2022-06-16T19:40:00+00:00\",\"breadcrumb\":{\"@id\":\"https:\\\/\\\/politicosaldesnudo.com.mx\\\/index.php\\\/2022\\\/06\\\/16\\\/en-manos-de-la-fgr-investigar-a-alito-por-irregularidades-en-audios\\\/#breadcrumb\"},\"inLanguage\":\"es\",\"potentialAction\":[{\"@type\":\"ReadAction\",\"target\":[\"https:\\\/\\\/politicosaldesnudo.com.mx\\\/index.php\\\/2022\\\/06\\\/16\\\/en-manos-de-la-fgr-investigar-a-alito-por-irregularidades-en-audios\\\/\"]}]},{\"@type\":\"ImageObject\",\"inLanguage\":\"es\",\"@id\":\"https:\\\/\\\/politicosaldesnudo.com.mx\\\/index.php\\\/2022\\\/06\\\/16\\\/en-manos-de-la-fgr-investigar-a-alito-por-irregularidades-en-audios\\\/#primaryimage\",\"url\":\"https:\\\/\\\/i0.wp.com\\\/politicosaldesnudo.com.mx\\\/wp-content\\\/uploads\\\/2022\\\/06\\\/FVTRFT4UcAEiEAK.jpeg?fit=1000%2C668&ssl=1\",\"contentUrl\":\"https:\\\/\\\/i0.wp.com\\\/politicosaldesnudo.com.mx\\\/wp-content\\\/uploads\\\/2022\\\/06\\\/FVTRFT4UcAEiEAK.jpeg?fit=1000%2C668&ssl=1\",\"width\":1000,\"height\":668},{\"@type\":\"BreadcrumbList\",\"@id\":\"https:\\\/\\\/politicosaldesnudo.com.mx\\\/index.php\\\/2022\\\/06\\\/16\\\/en-manos-de-la-fgr-investigar-a-alito-por-irregularidades-en-audios\\\/#breadcrumb\",\"itemListElement\":[{\"@type\":\"ListItem\",\"position\":1,\"name\":\"Portada\",\"item\":\"https:\\\/\\\/politicosaldesnudo.com.mx\\\/\"},{\"@type\":\"ListItem\",\"position\":2,\"name\":\"En manos de la FGR investigar a \u201cAlito\u201d por irregularidades en audios\"}]},{\"@type\":\"WebSite\",\"@id\":\"https:\\\/\\\/politicosaldesnudo.com.mx\\\/#website\",\"url\":\"https:\\\/\\\/politicosaldesnudo.com.mx\\\/\",\"name\":\"Pol\u00edticos al Desnudo\",\"description\":\"\",\"publisher\":{\"@id\":\"https:\\\/\\\/politicosaldesnudo.com.mx\\\/#organization\"},\"potentialAction\":[{\"@type\":\"SearchAction\",\"target\":{\"@type\":\"EntryPoint\",\"urlTemplate\":\"https:\\\/\\\/politicosaldesnudo.com.mx\\\/?s={search_term_string}\"},\"query-input\":{\"@type\":\"PropertyValueSpecification\",\"valueRequired\":true,\"valueName\":\"search_term_string\"}}],\"inLanguage\":\"es\"},{\"@type\":\"Organization\",\"@id\":\"https:\\\/\\\/politicosaldesnudo.com.mx\\\/#organization\",\"name\":\"Pol\u00edticos al Desnudo\",\"url\":\"https:\\\/\\\/politicosaldesnudo.com.mx\\\/\",\"logo\":{\"@type\":\"ImageObject\",\"inLanguage\":\"es\",\"@id\":\"https:\\\/\\\/politicosaldesnudo.com.mx\\\/#\\\/schema\\\/logo\\\/image\\\/\",\"url\":\"https:\\\/\\\/i0.wp.com\\\/politicosaldesnudo.com.mx\\\/wp-content\\\/uploads\\\/2026\\\/08\\\/cropped-logo.webp?fit=400%2C126&ssl=1\",\"contentUrl\":\"https:\\\/\\\/i0.wp.com\\\/politicosaldesnudo.com.mx\\\/wp-content\\\/uploads\\\/2026\\\/08\\\/cropped-logo.webp?fit=400%2C126&ssl=1\",\"width\":400,\"height\":126,\"caption\":\"Pol\u00edticos al Desnudo\"},\"image\":{\"@id\":\"https:\\\/\\\/politicosaldesnudo.com.mx\\\/#\\\/schema\\\/logo\\\/image\\\/\"},\"sameAs\":[\"https:\\\/\\\/www.facebook.com\\\/PoliticosAD\"]},{\"@type\":\"Person\",\"@id\":\"https:\\\/\\\/politicosaldesnudo.com.mx\\\/#\\\/schema\\\/person\\\/ef3a64e561cc3f3f5dc52fab81adde7e\",\"name\":\"Redacci\u00f3n Pol\u00edticos\",\"url\":\"https:\\\/\\\/politicosaldesnudo.com.mx\\\/index.php\\\/author\\\/redaccion-politicos\\\/\"}]}<\/script>\n<!-- \/ Yoast SEO plugin. -->","yoast_head_json":{"title":"En manos de la FGR investigar a \u201cAlito\u201d por irregularidades en audios - Pol\u00edticos al Desnudo","robots":{"index":"index","follow":"follow","max-snippet":"max-snippet:-1","max-image-preview":"max-image-preview:large","max-video-preview":"max-video-preview:-1"},"canonical":"https:\/\/politicosaldesnudo.com.mx\/index.php\/2022\/06\/16\/en-manos-de-la-fgr-investigar-a-alito-por-irregularidades-en-audios\/","og_locale":"es_ES","og_type":"article","og_title":"En manos de la FGR investigar a \u201cAlito\u201d por irregularidades en audios - Pol\u00edticos al Desnudo","og_description":"Ciudad de M\u00e9xico. El presidente\u00a0Andr\u00e9s Manuel L\u00f3pez Obrador se\u00f1al\u00f3 que corresponde a la\u00a0Fiscal\u00eda General de la Rep\u00fablica (FGR), la decisi\u00f3n [&hellip;]","og_url":"https:\/\/politicosaldesnudo.com.mx\/index.php\/2022\/06\/16\/en-manos-de-la-fgr-investigar-a-alito-por-irregularidades-en-audios\/","og_site_name":"Pol\u00edticos al Desnudo","article_publisher":"https:\/\/www.facebook.com\/PoliticosAD","article_published_time":"2022-06-16T19:38:29+00:00","article_modified_time":"2022-06-16T19:40:00+00:00","og_image":[{"width":1000,"height":668,"url":"https:\/\/i0.wp.com\/politicosaldesnudo.com.mx\/wp-content\/uploads\/2022\/06\/FVTRFT4UcAEiEAK.jpeg?fit=1000%2C668&ssl=1","type":"image\/jpeg"}],"author":"Redacci\u00f3n Pol\u00edticos","twitter_card":"summary_large_image","twitter_misc":{"Escrito por":"Redacci\u00f3n Pol\u00edticos","Tiempo de lectura":"1 minuto"},"schema":{"@context":"https:\/\/schema.org","@graph":[{"@type":"Article","@id":"https:\/\/politicosaldesnudo.com.mx\/index.php\/2022\/06\/16\/en-manos-de-la-fgr-investigar-a-alito-por-irregularidades-en-audios\/#article","isPartOf":{"@id":"https:\/\/politicosaldesnudo.com.mx\/index.php\/2022\/06\/16\/en-manos-de-la-fgr-investigar-a-alito-por-irregularidades-en-audios\/"},"author":{"name":"Redacci\u00f3n Pol\u00edticos","@id":"https:\/\/politicosaldesnudo.com.mx\/#\/schema\/person\/ef3a64e561cc3f3f5dc52fab81adde7e"},"headline":"En manos de la FGR investigar a \u201cAlito\u201d por irregularidades en audios","datePublished":"2022-06-16T19:38:29+00:00","dateModified":"2022-06-16T19:40:00+00:00","mainEntityOfPage":{"@id":"https:\/\/politicosaldesnudo.com.mx\/index.php\/2022\/06\/16\/en-manos-de-la-fgr-investigar-a-alito-por-irregularidades-en-audios\/"},"wordCount":298,"publisher":{"@id":"https:\/\/politicosaldesnudo.com.mx\/#organization"},"image":{"@id":"https:\/\/politicosaldesnudo.com.mx\/index.php\/2022\/06\/16\/en-manos-de-la-fgr-investigar-a-alito-por-irregularidades-en-audios\/#primaryimage"},"thumbnailUrl":"https:\/\/i0.wp.com\/politicosaldesnudo.com.mx\/wp-content\/uploads\/2022\/06\/FVTRFT4UcAEiEAK.jpeg?fit=1000%2C668&ssl=1","keywords":["ALEJANDRO MORENO","ALITO","ANDR\u00c9S MANUEL L\u00d3PEZ OBRADOR","FGR"],"articleSection":["NACIONAL"],"inLanguage":"es"},{"@type":"WebPage","@id":"https:\/\/politicosaldesnudo.com.mx\/index.php\/2022\/06\/16\/en-manos-de-la-fgr-investigar-a-alito-por-irregularidades-en-audios\/","url":"https:\/\/politicosaldesnudo.com.mx\/index.php\/2022\/06\/16\/en-manos-de-la-fgr-investigar-a-alito-por-irregularidades-en-audios\/","name":"En manos de la FGR investigar a \u201cAlito\u201d por irregularidades en audios - Pol\u00edticos al Desnudo","isPartOf":{"@id":"https:\/\/politicosaldesnudo.com.mx\/#website"},"primaryImageOfPage":{"@id":"https:\/\/politicosaldesnudo.com.mx\/index.php\/2022\/06\/16\/en-manos-de-la-fgr-investigar-a-alito-por-irregularidades-en-audios\/#primaryimage"},"image":{"@id":"https:\/\/politicosaldesnudo.com.mx\/index.php\/2022\/06\/16\/en-manos-de-la-fgr-investigar-a-alito-por-irregularidades-en-audios\/#primaryimage"},"thumbnailUrl":"https:\/\/i0.wp.com\/politicosaldesnudo.com.mx\/wp-content\/uploads\/2022\/06\/FVTRFT4UcAEiEAK.jpeg?fit=1000%2C668&ssl=1","datePublished":"2022-06-16T19:38:29+00:00","dateModified":"2022-06-16T19:40:00+00:00","breadcrumb":{"@id":"https:\/\/politicosaldesnudo.com.mx\/index.php\/2022\/06\/16\/en-manos-de-la-fgr-investigar-a-alito-por-irregularidades-en-audios\/#breadcrumb"},"inLanguage":"es","potentialAction":[{"@type":"ReadAction","target":["https:\/\/politicosaldesnudo.com.mx\/index.php\/2022\/06\/16\/en-manos-de-la-fgr-investigar-a-alito-por-irregularidades-en-audios\/"]}]},{"@type":"ImageObject","inLanguage":"es","@id":"https:\/\/politicosaldesnudo.com.mx\/index.php\/2022\/06\/16\/en-manos-de-la-fgr-investigar-a-alito-por-irregularidades-en-audios\/#primaryimage","url":"https:\/\/i0.wp.com\/politicosaldesnudo.com.mx\/wp-content\/uploads\/2022\/06\/FVTRFT4UcAEiEAK.jpeg?fit=1000%2C668&ssl=1","contentUrl":"https:\/\/i0.wp.com\/politicosaldesnudo.com.mx\/wp-content\/uploads\/2022\/06\/FVTRFT4UcAEiEAK.jpeg?fit=1000%2C668&ssl=1","width":1000,"height":668},{"@type":"BreadcrumbList","@id":"https:\/\/politicosaldesnudo.com.mx\/index.php\/2022\/06\/16\/en-manos-de-la-fgr-investigar-a-alito-por-irregularidades-en-audios\/#breadcrumb","itemListElement":[{"@type":"ListItem","position":1,"name":"Portada","item":"https:\/\/politicosaldesnudo.com.mx\/"},{"@type":"ListItem","position":2,"name":"En manos de la FGR investigar a \u201cAlito\u201d por irregularidades en audios"}]},{"@type":"WebSite","@id":"https:\/\/politicosaldesnudo.com.mx\/#website","url":"https:\/\/politicosaldesnudo.com.mx\/","name":"Pol\u00edticos al Desnudo","description":"","publisher":{"@id":"https:\/\/politicosaldesnudo.com.mx\/#organization"},"potentialAction":[{"@type":"SearchAction","target":{"@type":"EntryPoint","urlTemplate":"https:\/\/politicosaldesnudo.com.mx\/?s={search_term_string}"},"query-input":{"@type":"PropertyValueSpecification","valueRequired":true,"valueName":"search_term_string"}}],"inLanguage":"es"},{"@type":"Organization","@id":"https:\/\/politicosaldesnudo.com.mx\/#organization","name":"Pol\u00edticos al Desnudo","url":"https:\/\/politicosaldesnudo.com.mx\/","logo":{"@type":"ImageObject","inLanguage":"es","@id":"https:\/\/politicosaldesnudo.com.mx\/#\/schema\/logo\/image\/","url":"https:\/\/i0.wp.com\/politicosaldesnudo.com.mx\/wp-content\/uploads\/2026\/08\/cropped-logo.webp?fit=400%2C126&ssl=1","contentUrl":"https:\/\/i0.wp.com\/politicosaldesnudo.com.mx\/wp-content\/uploads\/2026\/08\/cropped-logo.webp?fit=400%2C126&ssl=1","width":400,"height":126,"caption":"Pol\u00edticos al Desnudo"},"image":{"@id":"https:\/\/politicosaldesnudo.com.mx\/#\/schema\/logo\/image\/"},"sameAs":["https:\/\/www.facebook.com\/PoliticosAD"]},{"@type":"Person","@id":"https:\/\/politicosaldesnudo.com.mx\/#\/schema\/person\/ef3a64e561cc3f3f5dc52fab81adde7e","name":"Redacci\u00f3n Pol\u00edticos","url":"https:\/\/politicosaldesnudo.com.mx\/index.php\/author\/redaccion-politicos\/"}]}},"jetpack_publicize_connections":[],"jetpack-related-posts":[{"id":87861,"url":"https:\/\/politicosaldesnudo.com.mx\/index.php\/2026\/08\/17\/fgr-sale-al-paso-por-caso-andy-niega-pruebas-y-testigos-protegidos-en-su-contra\/","url_meta":{"origin":6686,"position":0},"title":"FGR sale al paso por caso Andy: niega pruebas y testigos protegidos en su contra","author":"Redacci\u00f3n Pol\u00edticos","date":"17 de agosto de 2026","format":false,"excerpt":"En medio de la pol\u00e9mica desatada por la cancelaci\u00f3n de la visa estadounidense de Andr\u00e9s Manuel \u201cAndy\u201d L\u00f3pez Beltr\u00e1n, la Fiscal\u00eda General de la Rep\u00fablica (FGR) asegur\u00f3 que no cuenta con elementos legales para iniciar una investigaci\u00f3n en su contra por presuntos v\u00ednculos con el llamado huachicol fiscal. La dependencia\u2026","rel":"","context":"En \u00abNACIONAL\u00bb","block_context":{"text":"NACIONAL","link":"https:\/\/politicosaldesnudo.com.mx\/index.php\/category\/nacional\/"},"img":{"alt_text":"","src":"https:\/\/i0.wp.com\/politicosaldesnudo.com.mx\/wp-content\/uploads\/2026\/08\/756846602_17938858860320342_7848403107759573487_n.jpg?fit=853%2C568&ssl=1&resize=350%2C200","width":350,"height":200,"srcset":"https:\/\/i0.wp.com\/politicosaldesnudo.com.mx\/wp-content\/uploads\/2026\/08\/756846602_17938858860320342_7848403107759573487_n.jpg?fit=853%2C568&ssl=1&resize=350%2C200 1x, https:\/\/i0.wp.com\/politicosaldesnudo.com.mx\/wp-content\/uploads\/2026\/08\/756846602_17938858860320342_7848403107759573487_n.jpg?fit=853%2C568&ssl=1&resize=525%2C300 1.5x, https:\/\/i0.wp.com\/politicosaldesnudo.com.mx\/wp-content\/uploads\/2026\/08\/756846602_17938858860320342_7848403107759573487_n.jpg?fit=853%2C568&ssl=1&resize=700%2C400 2x"},"classes":[]},{"id":88247,"url":"https:\/\/politicosaldesnudo.com.mx\/index.php\/2026\/08\/31\/pepe-yunes-frena-rumores-de-ruptura-con-el-pri-y-se-ofrece-para-unir-a-la-oposicion-en-veracruz\/","url_meta":{"origin":6686,"position":1},"title":"Pepe Yunes frena rumores de ruptura con el PRI y se ofrece para unir a la oposici\u00f3n en Veracruz","author":"Redacci\u00f3n Pol\u00edticos","date":"31 de agosto de 2026","format":false,"excerpt":"Su aparici\u00f3n en un encuentro de Movimiento Ciudadano aliment\u00f3 las versiones sobre un posible cambio de partido. El excandidato a gobernador asegur\u00f3 que seguir\u00e1 en el tricolor, pero buscar\u00e1 construir un bloque amplio contra Morena rumbo a 2027. Xalapa, Ver.\u2014 Jos\u00e9 Francisco Yunes Zorrilla puso freno a las especulaciones sobre\u2026","rel":"","context":"En \u00abESTADOS\u00bb","block_context":{"text":"ESTADOS","link":"https:\/\/politicosaldesnudo.com.mx\/index.php\/category\/estados\/"},"img":{"alt_text":"","src":"https:\/\/i0.wp.com\/politicosaldesnudo.com.mx\/wp-content\/uploads\/2026\/08\/pepe-scaled.jpg?fit=1200%2C800&ssl=1&resize=350%2C200","width":350,"height":200,"srcset":"https:\/\/i0.wp.com\/politicosaldesnudo.com.mx\/wp-content\/uploads\/2026\/08\/pepe-scaled.jpg?fit=1200%2C800&ssl=1&resize=350%2C200 1x, https:\/\/i0.wp.com\/politicosaldesnudo.com.mx\/wp-content\/uploads\/2026\/08\/pepe-scaled.jpg?fit=1200%2C800&ssl=1&resize=525%2C300 1.5x, https:\/\/i0.wp.com\/politicosaldesnudo.com.mx\/wp-content\/uploads\/2026\/08\/pepe-scaled.jpg?fit=1200%2C800&ssl=1&resize=700%2C400 2x, https:\/\/i0.wp.com\/politicosaldesnudo.com.mx\/wp-content\/uploads\/2026\/08\/pepe-scaled.jpg?fit=1200%2C800&ssl=1&resize=1050%2C600 3x"},"classes":[]},{"id":87734,"url":"https:\/\/politicosaldesnudo.com.mx\/index.php\/2026\/08\/14\/entre-el-desafuero-y-los-golpes-la-politica-vuelve-a-calentarse\/","url_meta":{"origin":6686,"position":2},"title":"Entre el desafuero y los golpes, la pol\u00edtica vuelve a calentarse","author":"Redacci\u00f3n Pol\u00edticos","date":"14 de agosto de 2026","format":false,"excerpt":"ALMA GRANDE POR \u00c1NGEL \u00c1LVARO PE\u00d1A La disputa por el fuero de Alejandro Moreno C\u00e1rdenas, dirigente nacional del PRI, volvi\u00f3 a elevar el tono entre legisladores de Morena y el tricolor. Esta vez, el intercambio pol\u00edtico termin\u00f3 en un enfrentamiento f\u00edsico que estuvo cerca de llegar a los golpes. El\u2026","rel":"","context":"En \u00abOPINI\u00d3N\u00bb","block_context":{"text":"OPINI\u00d3N","link":"https:\/\/politicosaldesnudo.com.mx\/index.php\/category\/columnistas\/"},"img":{"alt_text":"","src":"https:\/\/i0.wp.com\/politicosaldesnudo.com.mx\/wp-content\/uploads\/2026\/08\/alma-grande-140826.png?fit=1200%2C659&ssl=1&resize=350%2C200","width":350,"height":200,"srcset":"https:\/\/i0.wp.com\/politicosaldesnudo.com.mx\/wp-content\/uploads\/2026\/08\/alma-grande-140826.png?fit=1200%2C659&ssl=1&resize=350%2C200 1x, https:\/\/i0.wp.com\/politicosaldesnudo.com.mx\/wp-content\/uploads\/2026\/08\/alma-grande-140826.png?fit=1200%2C659&ssl=1&resize=525%2C300 1.5x, https:\/\/i0.wp.com\/politicosaldesnudo.com.mx\/wp-content\/uploads\/2026\/08\/alma-grande-140826.png?fit=1200%2C659&ssl=1&resize=700%2C400 2x, https:\/\/i0.wp.com\/politicosaldesnudo.com.mx\/wp-content\/uploads\/2026\/08\/alma-grande-140826.png?fit=1200%2C659&ssl=1&resize=1050%2C600 3x"},"classes":[]},{"id":49738,"url":"https:\/\/politicosaldesnudo.com.mx\/index.php\/2024\/11\/04\/el-pan-sin-proyecto-ni-rumbo\/","url_meta":{"origin":6686,"position":3},"title":"EL PAN, SIN PROYECTO NI RUMBO","author":"Redacci\u00f3n Pol\u00edticos","date":"4 de noviembre de 2024","format":false,"excerpt":"Por Francisco Blanco Calder\u00f3n En relaci\u00f3n al D\u00eda de Muertos, corresponde, ahora, a los partidos pol\u00edticos que fenecen al desvincularse del pueblo y saquear\u00a0 sus recursos energ\u00e9ticos y naturales en forma c\u00ednica y despiadada, cobijados en una corrupci\u00f3n sin parang\u00f3n \u00edntimamente vinculados al crimen organizado, a los grandes capitales de\u2026","rel":"","context":"En \u00abOPINI\u00d3N\u00bb","block_context":{"text":"OPINI\u00d3N","link":"https:\/\/politicosaldesnudo.com.mx\/index.php\/category\/columnistas\/"},"img":{"alt_text":"","src":"https:\/\/i0.wp.com\/politicosaldesnudo.com.mx\/wp-content\/uploads\/2024\/10\/ESCENARIOS-1.jpg?fit=800%2C448&ssl=1&resize=350%2C200","width":350,"height":200,"srcset":"https:\/\/i0.wp.com\/politicosaldesnudo.com.mx\/wp-content\/uploads\/2024\/10\/ESCENARIOS-1.jpg?fit=800%2C448&ssl=1&resize=350%2C200 1x, https:\/\/i0.wp.com\/politicosaldesnudo.com.mx\/wp-content\/uploads\/2024\/10\/ESCENARIOS-1.jpg?fit=800%2C448&ssl=1&resize=525%2C300 1.5x, https:\/\/i0.wp.com\/politicosaldesnudo.com.mx\/wp-content\/uploads\/2024\/10\/ESCENARIOS-1.jpg?fit=800%2C448&ssl=1&resize=700%2C400 2x"},"classes":[]},{"id":87950,"url":"https:\/\/politicosaldesnudo.com.mx\/index.php\/2026\/08\/21\/pan-abre-la-puerta-a-pactos-con-el-pri-en-veracruz-rumbo-a-2027\/","url_meta":{"origin":6686,"position":4},"title":"PAN abre la puerta a pactos con el PRI en Veracruz rumbo a 2027","author":"Redacci\u00f3n Pol\u00edticos","date":"21 de agosto de 2026","format":false,"excerpt":"La posibilidad de que el PAN y el PRI vuelvan a competir juntos en Veracruz no est\u00e1 completamente descartada. La dirigencia nacional de Acci\u00f3n Nacional evaluar\u00e1 cada distrito antes de decidir si establece acuerdos electorales para los comicios de 2027. Durante una visita a la entidad, el presidente nacional del\u2026","rel":"","context":"En \u00abESTADOS\u00bb","block_context":{"text":"ESTADOS","link":"https:\/\/politicosaldesnudo.com.mx\/index.php\/category\/estados\/"},"img":{"alt_text":"","src":"https:\/\/i0.wp.com\/politicosaldesnudo.com.mx\/wp-content\/uploads\/2026\/08\/pan-pri.png?fit=1200%2C675&ssl=1&resize=350%2C200","width":350,"height":200,"srcset":"https:\/\/i0.wp.com\/politicosaldesnudo.com.mx\/wp-content\/uploads\/2026\/08\/pan-pri.png?fit=1200%2C675&ssl=1&resize=350%2C200 1x, https:\/\/i0.wp.com\/politicosaldesnudo.com.mx\/wp-content\/uploads\/2026\/08\/pan-pri.png?fit=1200%2C675&ssl=1&resize=525%2C300 1.5x, https:\/\/i0.wp.com\/politicosaldesnudo.com.mx\/wp-content\/uploads\/2026\/08\/pan-pri.png?fit=1200%2C675&ssl=1&resize=700%2C400 2x, https:\/\/i0.wp.com\/politicosaldesnudo.com.mx\/wp-content\/uploads\/2026\/08\/pan-pri.png?fit=1200%2C675&ssl=1&resize=1050%2C600 3x"},"classes":[]},{"id":88067,"url":"https:\/\/politicosaldesnudo.com.mx\/index.php\/2026\/08\/26\/devorarse-a-si-mismos\/","url_meta":{"origin":6686,"position":5},"title":"Devorarse a s\u00ed mismos","author":"Redacci\u00f3n Pol\u00edticos","date":"26 de agosto de 2026","format":false,"excerpt":"R\u00fabrica Por Aurelio Contreras Moreno El sainete protagonizado por Rub\u00e9n Rocha Moya, quien regres\u00f3 a la gubernatura de Sinaloa despu\u00e9s de m\u00e1s de tres meses de licencia para volver a solicitarla apenas unas 34 horas despu\u00e9s, ser\u00eda un teatro meramente grotesco si no revelara algo mucho m\u00e1s grave: el grado\u2026","rel":"","context":"En \u00abOPINI\u00d3N\u00bb","block_context":{"text":"OPINI\u00d3N","link":"https:\/\/politicosaldesnudo.com.mx\/index.php\/category\/columnistas\/"},"img":{"alt_text":"","src":"https:\/\/i0.wp.com\/politicosaldesnudo.com.mx\/wp-content\/uploads\/2026\/08\/aurelio-2608.png?fit=1200%2C659&ssl=1&resize=350%2C200","width":350,"height":200,"srcset":"https:\/\/i0.wp.com\/politicosaldesnudo.com.mx\/wp-content\/uploads\/2026\/08\/aurelio-2608.png?fit=1200%2C659&ssl=1&resize=350%2C200 1x, https:\/\/i0.wp.com\/politicosaldesnudo.com.mx\/wp-content\/uploads\/2026\/08\/aurelio-2608.png?fit=1200%2C659&ssl=1&resize=525%2C300 1.5x, https:\/\/i0.wp.com\/politicosaldesnudo.com.mx\/wp-content\/uploads\/2026\/08\/aurelio-2608.png?fit=1200%2C659&ssl=1&resize=700%2C400 2x, https:\/\/i0.wp.com\/politicosaldesnudo.com.mx\/wp-content\/uploads\/2026\/08\/aurelio-2608.png?fit=1200%2C659&ssl=1&resize=1050%2C600 3x"},"classes":[]}],"jetpack_sharing_enabled":true,"jetpack_featured_media_url":"https:\/\/i0.wp.com\/politicosaldesnudo.com.mx\/wp-content\/uploads\/2022\/06\/FVTRFT4UcAEiEAK.jpeg?fit=1000%2C668&ssl=1","_links":{"self":[{"href":"https:\/\/politicosaldesnudo.com.mx\/index.php\/wp-json\/wp\/v2\/posts\/6686","targetHints":{"allow":["GET"]}}],"collection":[{"href":"https:\/\/politicosaldesnudo.com.mx\/index.php\/wp-json\/wp\/v2\/posts"}],"about":[{"href":"https:\/\/politicosaldesnudo.com.mx\/index.php\/wp-json\/wp\/v2\/types\/post"}],"author":[{"embeddable":true,"href":"https:\/\/politicosaldesnudo.com.mx\/index.php\/wp-json\/wp\/v2\/users\/4"}],"replies":[{"embeddable":true,"href":"https:\/\/politicosaldesnudo.com.mx\/index.php\/wp-json\/wp\/v2\/comments?post=6686"}],"version-history":[{"count":0,"href":"https:\/\/politicosaldesnudo.com.mx\/index.php\/wp-json\/wp\/v2\/posts\/6686\/revisions"}],"wp:featuredmedia":[{"embeddable":true,"href":"https:\/\/politicosaldesnudo.com.mx\/index.php\/wp-json\/wp\/v2\/media\/6687"}],"wp:attachment":[{"href":"https:\/\/politicosaldesnudo.com.mx\/index.php\/wp-json\/wp\/v2\/media?parent=6686"}],"wp:term":[{"taxonomy":"category","embeddable":true,"href":"https:\/\/politicosaldesnudo.com.mx\/index.php\/wp-json\/wp\/v2\/categories?post=6686"},{"taxonomy":"post_tag","embeddable":true,"href":"https:\/\/politicosaldesnudo.com.mx\/index.php\/wp-json\/wp\/v2\/tags?post=6686"}],"curies":[{"name":"wp","href":"https:\/\/api.w.org\/{rel}","templated":true}]}}