{"id":66887,"date":"2025-07-15T00:15:46","date_gmt":"2025-07-15T06:15:46","guid":{"rendered":"https:\/\/politicosaldesnudo.com.mx\/?p=66887"},"modified":"2025-07-14T20:29:51","modified_gmt":"2025-07-15T02:29:51","slug":"consulado-de-mexico-en-laredo-texas-intensifica-atencion-migrante-por-redadas-en-eu","status":"publish","type":"post","link":"https:\/\/politicosaldesnudo.com.mx\/index.php\/2025\/07\/15\/consulado-de-mexico-en-laredo-texas-intensifica-atencion-migrante-por-redadas-en-eu\/","title":{"rendered":"Consulado de M\u00e9xico en Laredo, Texas, intensifica atenci\u00f3n migrante por redadas en EU"},"content":{"rendered":"<p class=\"nota-justify\">El Consulado General de M\u00e9xico en\u00a0Laredo, Texas, intensifica sus acciones para proteger y orientar a la comunidad migrante, ante el incremento de operativos migratorios en distintas regiones del sur de Estados Unidos.<\/p>\n<p class=\"nota-justify\">Juan Carlos Mendoza, c\u00f3nsul general, inform\u00f3 que se brinda atenci\u00f3n constante a mexicanos que enfrentan procesos migratorios, ya sea en detenci\u00f3n o repatriaci\u00f3n. El consulado asesora legalmente a connacionales, facilita su reintegraci\u00f3n en M\u00e9xico y, cuando es posible, les acompa\u00f1a en la defensa de su caso ante jueces migratorios.<\/p>\n<p class=\"nota-justify\">Adem\u00e1s, el consulado desarrolla una estrategia activa de prevenci\u00f3n mediante pl\u00e1ticas informativas en iglesias, comunidades, centros laborales y en su propia sede. En estas jornadas se les explica a los migrantes que, independientemente de su estatus migratorio, tienen derechos y deben ejercerlos con pleno conocimiento.<\/p>\n<p class=\"nota-justify\">Una de las principales recomendaciones es no responder a interrogatorios sin antes hablar con un abogado o representante consular, ya que muchas personas se autoincriminan sin saberlo.<\/p>\n<p class=\"nota-justify\">Aunque el consulado no ofrece defensa legal directa, cuenta con una red de abogados migratorios certificados que colaboran en la orientaci\u00f3n especializada de cada caso. El mensaje es claro: conocer sus derechos puede marcar la diferencia entre la deportaci\u00f3n y la permanencia legal.<\/p>\n<p class=\"nota-justify\">El llamado del consulado es a mantenerse informados, acudir a las jornadas comunitarias y no enfrentar solos un proceso migratorio.<\/p>\n","protected":false},"excerpt":{"rendered":"<p>El Consulado General de M\u00e9xico en\u00a0Laredo, Texas, intensifica sus acciones para proteger y orientar a la comunidad migrante, ante el<\/p>\n","protected":false},"author":4,"featured_media":66888,"comment_status":"closed","ping_status":"closed","sticky":false,"template":"","format":"standard","meta":{"colormag_page_container_layout":"default_layout","colormag_page_sidebar_layout":"default_layout","_jetpack_memberships_contains_paid_content":false,"footnotes":"","jetpack_publicize_message":"","jetpack_publicize_feature_enabled":true,"jetpack_social_post_already_shared":true,"jetpack_social_options":{"image_generator_settings":{"template":"highway","default_image_id":0,"font":"","enabled":false},"version":2}},"categories":[30],"tags":[],"class_list":["post-66887","post","type-post","status-publish","format-standard","has-post-thumbnail","hentry","category-estados"],"jetpack_publicize_connections":[],"jetpack_featured_media_url":"https:\/\/i0.wp.com\/politicosaldesnudo.com.mx\/wp-content\/uploads\/2025\/07\/lar.jpg?fit=759%2C497&ssl=1","jetpack-related-posts":[],"jetpack_sharing_enabled":true,"_links":{"self":[{"href":"https:\/\/politicosaldesnudo.com.mx\/index.php\/wp-json\/wp\/v2\/posts\/66887","targetHints":{"allow":["GET"]}}],"collection":[{"href":"https:\/\/politicosaldesnudo.com.mx\/index.php\/wp-json\/wp\/v2\/posts"}],"about":[{"href":"https:\/\/politicosaldesnudo.com.mx\/index.php\/wp-json\/wp\/v2\/types\/post"}],"author":[{"embeddable":true,"href":"https:\/\/politicosaldesnudo.com.mx\/index.php\/wp-json\/wp\/v2\/users\/4"}],"replies":[{"embeddable":true,"href":"https:\/\/politicosaldesnudo.com.mx\/index.php\/wp-json\/wp\/v2\/comments?post=66887"}],"version-history":[{"count":0,"href":"https:\/\/politicosaldesnudo.com.mx\/index.php\/wp-json\/wp\/v2\/posts\/66887\/revisions"}],"wp:featuredmedia":[{"embeddable":true,"href":"https:\/\/politicosaldesnudo.com.mx\/index.php\/wp-json\/wp\/v2\/media\/66888"}],"wp:attachment":[{"href":"https:\/\/politicosaldesnudo.com.mx\/index.php\/wp-json\/wp\/v2\/media?parent=66887"}],"wp:term":[{"taxonomy":"category","embeddable":true,"href":"https:\/\/politicosaldesnudo.com.mx\/index.php\/wp-json\/wp\/v2\/categories?post=66887"},{"taxonomy":"post_tag","embeddable":true,"href":"https:\/\/politicosaldesnudo.com.mx\/index.php\/wp-json\/wp\/v2\/tags?post=66887"}],"curies":[{"name":"wp","href":"https:\/\/api.w.org\/{rel}","templated":true}]}}