{"id":66890,"date":"2025-07-15T00:16:39","date_gmt":"2025-07-15T06:16:39","guid":{"rendered":"https:\/\/politicosaldesnudo.com.mx\/?p=66890"},"modified":"2025-07-14T20:31:54","modified_gmt":"2025-07-15T02:31:54","slug":"se-acentua-gentrificacion-por-alza-de-turistas-en-san-cristobal-de-las-casas-especialistas","status":"publish","type":"post","link":"https:\/\/politicosaldesnudo.com.mx\/index.php\/2025\/07\/15\/se-acentua-gentrificacion-por-alza-de-turistas-en-san-cristobal-de-las-casas-especialistas\/","title":{"rendered":"Se acent\u00faa gentrificaci\u00f3n por alza de turistas en San Crist\u00f3bal de Las Casas: especialistas"},"content":{"rendered":"<p class=\"nota-justify\">La gentrificaci\u00f3n ocasionada por el incremento de turistas se ha acentuado en San Crist\u00f3bal de Las Casas y ha provocado el desplazamiento paulatino, casi silencioso, de residentes del centro hist\u00f3rico y el encarecimiento \u201cdesmedido\u201d de casas y terrenos, alertaron especialistas en arquitectura y urbanismo.<\/p>\n<p class=\"nota-justify\">Advirtieron que es necesario que las autoridades reconozcan el problema, lo estudien y lo atiendan con pol\u00edticas p\u00fablicas, adem\u00e1s de que se frene el crecimiento desordenado en la ciudad.<\/p>\n<p class=\"nota-justify\">\u201cEn San Crist\u00f3bal ya se ve el fen\u00f3meno y podemos decir que una comunidad que fue desplazada es la de los habitantes que en alg\u00fan momento conformaron el primer cuadro de la ciudad, conocida como colonia Centro. Ese fen\u00f3meno no ha impactado tanto todav\u00eda en otros barrios como La Merced, El Cerrillo o Cuxtitali, pero no significa que no tengan el riesgo\u201d, dijo el arquitecto Rodolfo Fabi\u00e1n Ozuna Espinosa, integrante del consejo municipal de ordenamiento territorial y desarrollo urbano.<\/p>\n<p class=\"nota-justify\">\u201cCuando empez\u00f3 a haber mayor inter\u00e9s por promover el turismo como una vertiente econ\u00f3mica comenz\u00f3 a revertirse el uso del suelo en el centro hist\u00f3rico, las casas habitacionales se empezaron a dividir o se les dio usos diferentes para construir hoteles, restaurantes, etc\u00e9tera. El uso de suelo de las primeras cuadras del centro es de comercio y servicios y muy pocos quedan como uso habitacional. En el mejor de los casos, adentro o arriba est\u00e1 la vivienda, pero son pocos los habitantes del centro, lo que significa que esa poblaci\u00f3n fue desplazada y se perdieron costumbres y caracter\u00edsticas culturales\u201d.<\/p>\n<p class=\"nota-justify\">Reconoci\u00f3 que el problema deton\u00f3 en parte con la construcci\u00f3n de los andadores peatonales Eclesi\u00e1sticos (de Santo Domingo a El Carmen) y Guadalupano (del barrio de Guadalupe al parque central), hace alrededor de 25 y 15 a\u00f1os, respectivamente.<\/p>\n<p class=\"nota-justify\">Por separado, Ana Mar\u00eda P\u00e9rez \u00c1lvarez, arquitecta y maestra en urbanismo y movilidad, manifest\u00f3 que \u201cla gentrificaci\u00f3n tiene que ver con un tema de crecimiento urbano desordenado. Esto ha llevado a un aumento en el valor del suelo y las reventas en el centro hist\u00f3rico, lo que ha desplazado a los residentes y propietarios de alguna manera, que prefieren rentar una propiedad en esa \u00e1rea que tiene un valor mayor porque es mixto y pueden poner un hotel o local comercial que les genera ingresos econ\u00f3micos, aunque se vayan a vivir a las afueras, aumentando el crecimiento poblacional y generando muchas colonias irregulares\u201d.<\/p>\n","protected":false},"excerpt":{"rendered":"<p>La gentrificaci\u00f3n ocasionada por el incremento de turistas se ha acentuado en San Crist\u00f3bal de Las Casas y ha provocado<\/p>\n","protected":false},"author":4,"featured_media":66891,"comment_status":"closed","ping_status":"closed","sticky":false,"template":"","format":"standard","meta":{"colormag_page_container_layout":"default_layout","colormag_page_sidebar_layout":"default_layout","_jetpack_memberships_contains_paid_content":false,"footnotes":"","jetpack_publicize_message":"","jetpack_publicize_feature_enabled":true,"jetpack_social_post_already_shared":true,"jetpack_social_options":{"image_generator_settings":{"template":"highway","default_image_id":0,"font":"","enabled":false},"version":2}},"categories":[30],"tags":[],"class_list":["post-66890","post","type-post","status-publish","format-standard","has-post-thumbnail","hentry","category-estados"],"jetpack_publicize_connections":[],"jetpack_featured_media_url":"https:\/\/i0.wp.com\/politicosaldesnudo.com.mx\/wp-content\/uploads\/2025\/07\/sancri.jpg?fit=742%2C525&ssl=1","jetpack-related-posts":[],"jetpack_sharing_enabled":true,"_links":{"self":[{"href":"https:\/\/politicosaldesnudo.com.mx\/index.php\/wp-json\/wp\/v2\/posts\/66890","targetHints":{"allow":["GET"]}}],"collection":[{"href":"https:\/\/politicosaldesnudo.com.mx\/index.php\/wp-json\/wp\/v2\/posts"}],"about":[{"href":"https:\/\/politicosaldesnudo.com.mx\/index.php\/wp-json\/wp\/v2\/types\/post"}],"author":[{"embeddable":true,"href":"https:\/\/politicosaldesnudo.com.mx\/index.php\/wp-json\/wp\/v2\/users\/4"}],"replies":[{"embeddable":true,"href":"https:\/\/politicosaldesnudo.com.mx\/index.php\/wp-json\/wp\/v2\/comments?post=66890"}],"version-history":[{"count":0,"href":"https:\/\/politicosaldesnudo.com.mx\/index.php\/wp-json\/wp\/v2\/posts\/66890\/revisions"}],"wp:featuredmedia":[{"embeddable":true,"href":"https:\/\/politicosaldesnudo.com.mx\/index.php\/wp-json\/wp\/v2\/media\/66891"}],"wp:attachment":[{"href":"https:\/\/politicosaldesnudo.com.mx\/index.php\/wp-json\/wp\/v2\/media?parent=66890"}],"wp:term":[{"taxonomy":"category","embeddable":true,"href":"https:\/\/politicosaldesnudo.com.mx\/index.php\/wp-json\/wp\/v2\/categories?post=66890"},{"taxonomy":"post_tag","embeddable":true,"href":"https:\/\/politicosaldesnudo.com.mx\/index.php\/wp-json\/wp\/v2\/tags?post=66890"}],"curies":[{"name":"wp","href":"https:\/\/api.w.org\/{rel}","templated":true}]}}