{"id":66893,"date":"2025-07-15T00:17:28","date_gmt":"2025-07-15T06:17:28","guid":{"rendered":"https:\/\/politicosaldesnudo.com.mx\/?p=66893"},"modified":"2025-07-14T20:40:59","modified_gmt":"2025-07-15T02:40:59","slug":"suprema-corte-despeja-via-para-que-trump-desmantele-el-departamento-de-educacion","status":"publish","type":"post","link":"https:\/\/politicosaldesnudo.com.mx\/index.php\/2025\/07\/15\/suprema-corte-despeja-via-para-que-trump-desmantele-el-departamento-de-educacion\/","title":{"rendered":"Suprema Corte despeja v\u00eda para que Trump desmantele el Departamento de Educaci\u00f3n"},"content":{"rendered":"<p class=\"nota-justify\">La Suprema Corte de Estados Unidos despej\u00f3 este lunes el camino para que el gobierno del presidente Donald Trump reanude el desmantelamiento del Departamento de Educaci\u00f3n y proceda con el despido de casi mil 400 empleados, como parte de su pol\u00edtica para reducir el papel del control estatal.<\/p>\n<p class=\"nota-justify\">Con el disenso de los tres jueces liberales, la Corte Suprema suspendi\u00f3 la orden del juez federal Myong Joun, quien emiti\u00f3 un mandato judicial preliminar en Boston que revert\u00eda los despidos y cuestionaba el plan en su totalidad. Los recortes de personal \u00abprobablemente paralizar\u00e1n al Departamento\u00bb de Educaci\u00f3n, escribi\u00f3 Joun.<\/p>\n<div class=\"teads-adCall\"><\/div>\n<p class=\"nota-justify\">Un tribunal federal de apelaciones se neg\u00f3 a suspender la orden en lo que la Casa Blanca apelaba la decisi\u00f3n. El fallo de la Suprema Corte permite al gobierno reanudar el proceso para desmantelar al Departamento de Educaci\u00f3n, una de las mayores promesas de campa\u00f1a de Trump.<\/p>\n<p class=\"nota-justify\">Un grupo de 21 fiscales generales dem\u00f3cratas, distritos escolares y sindicatos detr\u00e1s de un par de demandas advirtieron en documentos judiciales que los esfuerzos de cierre de Trump amenazaban con perjudicar la capacidad del departamento para llevar a cabo sus funciones b\u00e1sicas.<\/p>\n<p class=\"nota-justify\">Democracy Forward, un grupo legal progresista que representa a los distritos escolares y sindicatos, asegur\u00f3 que la acci\u00f3n de la corte \u00abasest\u00f3 un golpe devastador a la promesa de este pa\u00eds de dar educaci\u00f3n p\u00fablica para todos los ni\u00f1os\u00bb.<\/p>\n","protected":false},"excerpt":{"rendered":"<p>La Suprema Corte de Estados Unidos despej\u00f3 este lunes el camino para que el gobierno del presidente Donald Trump reanude<\/p>\n","protected":false},"author":4,"featured_media":66894,"comment_status":"closed","ping_status":"closed","sticky":false,"template":"","format":"standard","meta":{"colormag_page_container_layout":"default_layout","colormag_page_sidebar_layout":"default_layout","_jetpack_memberships_contains_paid_content":false,"footnotes":"","jetpack_publicize_message":"","jetpack_publicize_feature_enabled":true,"jetpack_social_post_already_shared":true,"jetpack_social_options":{"image_generator_settings":{"template":"highway","default_image_id":0,"font":"","enabled":false},"version":2}},"categories":[28],"tags":[],"class_list":["post-66893","post","type-post","status-publish","format-standard","has-post-thumbnail","hentry","category-internacional"],"jetpack_publicize_connections":[],"jetpack_featured_media_url":"https:\/\/i0.wp.com\/politicosaldesnudo.com.mx\/wp-content\/uploads\/2025\/07\/deed.jpg?fit=742%2C551&ssl=1","jetpack-related-posts":[],"jetpack_sharing_enabled":true,"_links":{"self":[{"href":"https:\/\/politicosaldesnudo.com.mx\/index.php\/wp-json\/wp\/v2\/posts\/66893","targetHints":{"allow":["GET"]}}],"collection":[{"href":"https:\/\/politicosaldesnudo.com.mx\/index.php\/wp-json\/wp\/v2\/posts"}],"about":[{"href":"https:\/\/politicosaldesnudo.com.mx\/index.php\/wp-json\/wp\/v2\/types\/post"}],"author":[{"embeddable":true,"href":"https:\/\/politicosaldesnudo.com.mx\/index.php\/wp-json\/wp\/v2\/users\/4"}],"replies":[{"embeddable":true,"href":"https:\/\/politicosaldesnudo.com.mx\/index.php\/wp-json\/wp\/v2\/comments?post=66893"}],"version-history":[{"count":0,"href":"https:\/\/politicosaldesnudo.com.mx\/index.php\/wp-json\/wp\/v2\/posts\/66893\/revisions"}],"wp:featuredmedia":[{"embeddable":true,"href":"https:\/\/politicosaldesnudo.com.mx\/index.php\/wp-json\/wp\/v2\/media\/66894"}],"wp:attachment":[{"href":"https:\/\/politicosaldesnudo.com.mx\/index.php\/wp-json\/wp\/v2\/media?parent=66893"}],"wp:term":[{"taxonomy":"category","embeddable":true,"href":"https:\/\/politicosaldesnudo.com.mx\/index.php\/wp-json\/wp\/v2\/categories?post=66893"},{"taxonomy":"post_tag","embeddable":true,"href":"https:\/\/politicosaldesnudo.com.mx\/index.php\/wp-json\/wp\/v2\/tags?post=66893"}],"curies":[{"name":"wp","href":"https:\/\/api.w.org\/{rel}","templated":true}]}}