{"id":6691,"date":"2022-06-17T05:38:13","date_gmt":"2022-06-17T10:38:13","guid":{"rendered":"https:\/\/politicosaldesnudo.com.mx\/?p=6691"},"modified":"2022-06-17T05:38:24","modified_gmt":"2022-06-17T10:38:24","slug":"a-del-rio-virgen-un-usted-disculpe","status":"publish","type":"post","link":"https:\/\/politicosaldesnudo.com.mx\/index.php\/2022\/06\/17\/a-del-rio-virgen-un-usted-disculpe\/","title":{"rendered":"A Del R\u00edo Virgen, un\u00a0usted disculpe"},"content":{"rendered":"<p>&nbsp;<\/p>\n<p class=\"p1\"><span style=\"font-size: 18pt;\"><b>Por \u00c1ngel \u00c1lvaro Pe\u00f1a<\/b><\/span><\/p>\n<p class=\"p1\"><span style=\"font-size: 14pt;\">Para no ser juzgado por un crimen que no se cometi\u00f3 se requiere influencias, apoyo medi\u00e1tico y paciencia. De otra manera, <strong>la c\u00e1rcel puede convertirse en la casa que los inocentes habitan de por vida<\/strong> si no se cuenta con un amigo poderosos que cuestionen la decisi\u00f3n de jueces corruptos.<\/span><\/p>\n<p class=\"p1\"><span style=\"font-size: 18pt;\"><strong>Hay 1,053 personas encarceladas por un delito derogado por la Suprema Corte de Justicia, ultrajes contra la autoridad, tambi\u00e9n conocida como Ley Franco, cuyos procesos est\u00e1n estancados en la burocracia judicial de Veracruz y mantienen encarcelados a sus v\u00edctimas.<\/strong><\/span><\/p>\n<p class=\"p1\"><span style=\"font-size: 18pt;\"><strong>El pasado jueves 16, un tribunal federal confirm\u00f3 el amparo otorgado al secretario T\u00e9cnico de la Presidencia de la Junta de Coordinaci\u00f3n Pol\u00edtica del Senado, Jos\u00e9 Manuel del R\u00edo Virgen,\u00a0para que se le dicte auto de no vinculaci\u00f3n a proceso y se ordene su libertad inmediata en el proceso penal por el homicidio de Remigio Tovar,\u00a0candidato a alcalde de Cazones, Veracruz, por el partido Movimiento Ciudadano. Tambi\u00e9n acusado de violentar el orden a trav\u00e9s del delito de ultrajes a la autoridad que utilizan las fuerzas pol\u00edticas oscuras del estado.<\/strong><\/span><\/p>\n<p>&nbsp;<\/p>\n<p><img data-recalc-dims=\"1\" loading=\"lazy\" decoding=\"async\" class=\"aligncenter wp-image-6693 size-large\" src=\"https:\/\/i0.wp.com\/politicosaldesnudo.com.mx\/wp-content\/uploads\/2022\/06\/P-DELRI%CC%81O3-1024x573.png?resize=800%2C448&#038;ssl=1\" alt=\"\" width=\"800\" height=\"448\" srcset=\"https:\/\/i0.wp.com\/politicosaldesnudo.com.mx\/wp-content\/uploads\/2022\/06\/P-DELRI%CC%81O3.png?resize=1024%2C573&amp;ssl=1 1024w, https:\/\/i0.wp.com\/politicosaldesnudo.com.mx\/wp-content\/uploads\/2022\/06\/P-DELRI%CC%81O3.png?resize=300%2C168&amp;ssl=1 300w, https:\/\/i0.wp.com\/politicosaldesnudo.com.mx\/wp-content\/uploads\/2022\/06\/P-DELRI%CC%81O3.png?resize=768%2C430&amp;ssl=1 768w, https:\/\/i0.wp.com\/politicosaldesnudo.com.mx\/wp-content\/uploads\/2022\/06\/P-DELRI%CC%81O3.png?resize=1536%2C859&amp;ssl=1 1536w, https:\/\/i0.wp.com\/politicosaldesnudo.com.mx\/wp-content\/uploads\/2022\/06\/P-DELRI%CC%81O3.png?w=1816&amp;ssl=1 1816w, https:\/\/i0.wp.com\/politicosaldesnudo.com.mx\/wp-content\/uploads\/2022\/06\/P-DELRI%CC%81O3.png?w=1600&amp;ssl=1 1600w\" sizes=\"auto, (max-width: 800px) 100vw, 800px\" \/><\/p>\n<p>&nbsp;<\/p>\n<p class=\"p1\"><span style=\"font-size: 18pt;\"><strong>Para su liberaci\u00f3n fue necesaria la presi\u00f3n del l\u00edder del Senado, Ricardo Monreal, quien tuvo que viajar a Veracruz, para denunciar, desde el primer d\u00eda de su reclusi\u00f3n, hasta el jueves 16 que se dio a conocer la aprobaci\u00f3n del amparo que otorga la libertad a Jos\u00e9 Manuel del R\u00edo Virgen.<\/strong><\/span><\/p>\n<p class=\"p1\"><span style=\"font-size: 14pt;\">A pesar de que el amparo se otorga para que Jos\u00e9 Manuel del R\u00edo recupere su libertad,\u00a0el pol\u00edtico de Movimiento Ciudadano no podr\u00e1 abandonar la c\u00e1rcel hasta tres d\u00edas despu\u00e9s de este fallo por documentaci\u00f3n y alegatos legales correspondientes,\u00a0debe elaborar el engrose de la sentencia y posteriormente notificar su resoluci\u00f3n al juez de amparo, mismo que su vez debe notificar al Juez de Control, Francisco Reyes Contreras, y se ordene la libertad inmediata de Jos\u00e9 Manuel del R\u00edo Virgen.<\/span><\/p>\n<p class=\"p1\"><span style=\"font-size: 18pt;\"><strong>Al conocerse la noticia el l\u00edder de la bancada de Morena en el Senado, Ricardo Monreal, viaj\u00f3 a Veracruz para ver el proceso de liberaci\u00f3n de cerca. Ah\u00ed afirm\u00f3 que desde un principio se trat\u00f3 de una persecuci\u00f3n pol\u00edtica, y responsabiliza de esta situaci\u00f3n a los jueces, entre ellos, Francisco Reyes Contreras y a la fiscal, Ver\u00f3nica Hern\u00e1ndez Giad\u00e1ns.<\/strong><\/span><\/p>\n<p class=\"p1\"><span style=\"font-size: 18pt;\"><strong>Del R\u00edo Virgen fue detenido el 22 de diciembre en los l\u00edmites de Veracruz y Oaxaca. Es decir, suponiendo que salga el pr\u00f3ximo lunes 20 de junio, habr\u00e1 pasado pr\u00e1cticamente medio a\u00f1o en prisi\u00f3n injustamente.<\/strong><\/span><\/p>\n<p>&nbsp;<\/p>\n<p><img data-recalc-dims=\"1\" loading=\"lazy\" decoding=\"async\" class=\"aligncenter wp-image-6692 size-large\" src=\"https:\/\/i0.wp.com\/politicosaldesnudo.com.mx\/wp-content\/uploads\/2022\/06\/P-DELRI%CC%81O2-1024x573.png?resize=800%2C448&#038;ssl=1\" alt=\"\" width=\"800\" height=\"448\" srcset=\"https:\/\/i0.wp.com\/politicosaldesnudo.com.mx\/wp-content\/uploads\/2022\/06\/P-DELRI%CC%81O2.png?resize=1024%2C573&amp;ssl=1 1024w, https:\/\/i0.wp.com\/politicosaldesnudo.com.mx\/wp-content\/uploads\/2022\/06\/P-DELRI%CC%81O2.png?resize=300%2C168&amp;ssl=1 300w, https:\/\/i0.wp.com\/politicosaldesnudo.com.mx\/wp-content\/uploads\/2022\/06\/P-DELRI%CC%81O2.png?resize=768%2C430&amp;ssl=1 768w, https:\/\/i0.wp.com\/politicosaldesnudo.com.mx\/wp-content\/uploads\/2022\/06\/P-DELRI%CC%81O2.png?resize=1536%2C859&amp;ssl=1 1536w, https:\/\/i0.wp.com\/politicosaldesnudo.com.mx\/wp-content\/uploads\/2022\/06\/P-DELRI%CC%81O2.png?w=1816&amp;ssl=1 1816w, https:\/\/i0.wp.com\/politicosaldesnudo.com.mx\/wp-content\/uploads\/2022\/06\/P-DELRI%CC%81O2.png?w=1600&amp;ssl=1 1600w\" sizes=\"auto, (max-width: 800px) 100vw, 800px\" \/><\/p>\n<p>&nbsp;<\/p>\n<p class=\"p1\"><span style=\"font-size: 14pt;\">Ricardo Monreal comenta que tanto los jueces como la fiscal, cuestionados continuamente por sus abusos en la entidad, deben ser denunciados para que recompensen el da\u00f1o moral y haberle robado medio a\u00f1o de vida al secretario t\u00e9cnico del senado, adem\u00e1s de haber violado todos sus derechos humanos.<\/span><\/p>\n<p class=\"p1\"><span style=\"font-size: 14pt;\">Ricardo Monreal asegur\u00f3 seguir atento a lo que sucede en Veracruz porque sabe que continuamente se violan los derechos humanos de los ciudadanos. Reconoci\u00f3 que en ese estado hay muy buenos abogados y excelentes periodistas por lo que seguir\u00e1 defendiendo a sus habitantes.<\/span><\/p>\n<p class=\"p1\"><span style=\"font-size: 14pt;\">En entrevista radiof\u00f3nica el senador coment\u00f3 que rechaza las injusticias en Veracruz desde que fueron encarcelados tres j\u00f3venes por el delito de ultrajes a la autoridad, motivo por el cual tambi\u00e9n se encuentran recluidos injustamente el perredista y candidato a una diputaci\u00f3n federal en el momento de su aprehensi\u00f3n, Rogelio Franco Cast\u00e1n, desde hace m\u00e1s de un a\u00f1o, por as\u00ed convenir a los intereses de un grupo de poderosos de la entidad que no lo quer\u00edan en la curul de la C\u00e1mara de Diputados. Fue el primero en ser v\u00edctima del resurgimiento de la ley de ultrajes a la autoridad que ya hab\u00eda sido derogada y horas antes de ser detenido, el Congreso local le volvi\u00f3 a dar vida para justificar su detenci\u00f3n, de ah\u00ed que a la ley se le denominara \u201cLey Franco\u201d. Quien debi\u00f3 ser diputado federal ahora se encuentra recluido en el Penal de Amatl\u00e1n, en Veracruz.<\/span><\/p>\n<p class=\"p1\"><span style=\"font-size: 18pt;\"><strong>Jos\u00e9 Manuel, \u00d3scar y Mar\u00eda del R\u00edo, hijos de Jos\u00e9 Manuel del R\u00edo Virgen, expusieron las anomal\u00edas de las que fue v\u00edctima su padre, el cual fue vinculado a proceso el 28 de diciembre, tras m\u00e1s de 20 horas de audiencia, por lo que la familia denunci\u00f3 ante la Comisi\u00f3n Nacional de los Derechos Humanos para que se pronuncie por la violaci\u00f3n a los derechos humanos en el penal de Pacho Viejo, en Coatepec.<\/strong><\/span><\/p>\n<blockquote>\n<p class=\"p1\"><span style=\"font-size: 14pt;\">Jos\u00e9 Manuel del R\u00edo Virgen es v\u00edctima de una evidente injusticia. Reiteramos que no existe ning\u00fan hecho, prueba ni testimonio de persona alguna que lo vincule de ninguna forma con lo que se le acusa. Se trata de imputaciones basadas en meras conjeturas que exhiben una intenci\u00f3n perversa y ajena al Estado de derecho\u00bb, se a\u00f1adi\u00f3 en el comunicado de la familia, y a\u00f1adieron: \u00abLo desaseado de todo el proceso s\u00f3lo demuestra que la acusaci\u00f3n obedece a una venganza pol\u00edtica y que, por tanto, su detenci\u00f3n y ahora vinculaci\u00f3n a proceso son acciones arbitrarias que carecen de motivaci\u00f3n y fundamentaci\u00f3n\u00bb.<\/span><\/p>\n<\/blockquote>\n<p class=\"p1\"><span style=\"font-size: 14pt;\">Los abusos cometidos desde hace varios a\u00f1os en materia judicial, pr\u00e1cticamente desde que lleg\u00f3 la actual fiscal ponen en entredicho la integridad de los derechos humanos de los veracruzanos.<\/span><\/p>\n<p class=\"p1\"><span style=\"font-size: 14pt;\">El desaseo pol\u00edtico implica la violaci\u00f3n a los derechos m\u00e1s elementales de los seres humanos y mientras siga habiendo este tipo de \u201cerrores\u201d judiciales no podr\u00e1 haber ni justicia, ni paz social ni democracia. Porque lo que sucede con del R\u00edo Virgen seguramente suceder\u00e1 con Rogelio Cast\u00e1n y seguir\u00e1n otros muchos que, siendo inocentes, fueron elegidos para destrozar sus vidas y las de sus familias, para lo cual no hay castigo que sea suficiente luego de mostrar tanta sa\u00f1a y una insensibilidad que no es de humanos.<\/span><\/p>\n<p class=\"p1\"><span style=\"font-size: 18pt;\"><strong>Seis meses, un a\u00f1o, aunque sea un d\u00eda encerrado por un delito no cometido se convierte en un atentado contra la dignidad humana que no debe ocurrir a estas alturas de la civilizaci\u00f3n. Para este tipo de delitos, cometidos desde el escritorio de una fiscal\u00eda o desde un juzgado, no hay castigo, porque si las v\u00edctimas ganan la demanda los culpables no s\u00f3lo siguen en sus puestos sino que quedan libres como si no hubieran cometido una agravio grave.<\/strong><\/span><\/p>\n<p>&nbsp;<\/p>\n<p class=\"p1\"><span style=\"font-size: 18pt;\"><b>PEGA Y CORRE<\/b><\/span><\/p>\n<p class=\"p1\"><span style=\"font-size: 14pt;\">La Sala Especializada del Tribunal Electoral del Poder Judicial de la Federaci\u00f3n resolvi\u00f3 que el dirigente del PAN, Marko Cort\u00e9s, hizo una promoci\u00f3n negativa de la consulta de revocaci\u00f3n de mandato, y se le impuso una multa de 24 mil pesos, por su intensa y excesivo inter\u00e9s por sabotearla\u2026 <\/span><\/p>\n<p>&nbsp;<\/p>\n<p class=\"p1\"><span style=\"font-size: 18pt;\"><strong>Esta columna se publica los lunes, mi\u00e9rcoles y viernes<\/strong><\/span><\/p>\n<p>&nbsp;<\/p>\n<p><span style=\"font-size: 18pt; color: #04bcd9;\"><em><strong>**Las columnas firmadas en este medio son responsabilidad de quienes las firman**<\/strong><\/em><\/span><\/p>\n<p>&nbsp;<\/p>\n<p>&nbsp;<\/p>\n<p>&nbsp;<\/p>\n<p>&nbsp;<\/p>\n<p>&nbsp;<\/p>\n","protected":false},"excerpt":{"rendered":"<p>&nbsp; Por \u00c1ngel \u00c1lvaro Pe\u00f1a Para no ser juzgado por un crimen que no se cometi\u00f3 se requiere influencias, apoyo<\/p>\n","protected":false},"author":4,"featured_media":3775,"comment_status":"closed","ping_status":"closed","sticky":false,"template":"","format":"standard","meta":{"colormag_page_container_layout":"default_layout","colormag_page_sidebar_layout":"default_layout","_jetpack_memberships_contains_paid_content":false,"footnotes":"","jetpack_publicize_message":"","jetpack_publicize_feature_enabled":true,"jetpack_social_post_already_shared":false,"jetpack_social_options":{"image_generator_settings":{"template":"highway","default_image_id":0,"font":"","enabled":false},"version":2}},"categories":[26],"tags":[120,986,98,100],"class_list":["post-6691","post","type-post","status-publish","format-standard","has-post-thumbnail","hentry","category-columnistas","tag-jose-manuel-del-rio-virgen","tag-ley-franco","tag-ricardo-monreal","tag-veracruz"],"jetpack_publicize_connections":[],"jetpack_featured_media_url":"https:\/\/i0.wp.com\/politicosaldesnudo.com.mx\/wp-content\/uploads\/2022\/04\/A%CC%81NGEL-A%CC%81LVARO-PEN%CC%83A1.png?fit=1816%2C1016&ssl=1","jetpack-related-posts":[],"jetpack_sharing_enabled":true,"_links":{"self":[{"href":"https:\/\/politicosaldesnudo.com.mx\/index.php\/wp-json\/wp\/v2\/posts\/6691","targetHints":{"allow":["GET"]}}],"collection":[{"href":"https:\/\/politicosaldesnudo.com.mx\/index.php\/wp-json\/wp\/v2\/posts"}],"about":[{"href":"https:\/\/politicosaldesnudo.com.mx\/index.php\/wp-json\/wp\/v2\/types\/post"}],"author":[{"embeddable":true,"href":"https:\/\/politicosaldesnudo.com.mx\/index.php\/wp-json\/wp\/v2\/users\/4"}],"replies":[{"embeddable":true,"href":"https:\/\/politicosaldesnudo.com.mx\/index.php\/wp-json\/wp\/v2\/comments?post=6691"}],"version-history":[{"count":0,"href":"https:\/\/politicosaldesnudo.com.mx\/index.php\/wp-json\/wp\/v2\/posts\/6691\/revisions"}],"wp:featuredmedia":[{"embeddable":true,"href":"https:\/\/politicosaldesnudo.com.mx\/index.php\/wp-json\/wp\/v2\/media\/3775"}],"wp:attachment":[{"href":"https:\/\/politicosaldesnudo.com.mx\/index.php\/wp-json\/wp\/v2\/media?parent=6691"}],"wp:term":[{"taxonomy":"category","embeddable":true,"href":"https:\/\/politicosaldesnudo.com.mx\/index.php\/wp-json\/wp\/v2\/categories?post=6691"},{"taxonomy":"post_tag","embeddable":true,"href":"https:\/\/politicosaldesnudo.com.mx\/index.php\/wp-json\/wp\/v2\/tags?post=6691"}],"curies":[{"name":"wp","href":"https:\/\/api.w.org\/{rel}","templated":true}]}}