{"id":66938,"date":"2025-07-16T00:08:18","date_gmt":"2025-07-16T06:08:18","guid":{"rendered":"https:\/\/politicosaldesnudo.com.mx\/?p=66938"},"modified":"2025-07-15T20:08:24","modified_gmt":"2025-07-16T02:08:24","slug":"injusta-y-unilateral-medida-de-eu-contra-productores-y-exportadores-de-jitomate-mexicano-csp","status":"publish","type":"post","link":"https:\/\/politicosaldesnudo.com.mx\/index.php\/2025\/07\/16\/injusta-y-unilateral-medida-de-eu-contra-productores-y-exportadores-de-jitomate-mexicano-csp\/","title":{"rendered":"Injusta y unilateral medida de EU contra productores y exportadores de jitomate mexicano: CSP"},"content":{"rendered":"<p class=\"nota-justify\">La presidenta Claudia Sheinbaum Pardo manifest\u00f3 su desacuerdo con la medida unilateral de Estados Unidos de dar por terminado el Acuerdo de Suspensi\u00f3n de Tomate Fresco de la investigaci\u00f3n antidumping contra productores y exportadores mexicanos e imponer una cuota compensatoria de 17.09 por ciento.<\/p>\n<p class=\"nota-justify\">\u201cEl mayor impacto va a ser para Estados Unidos, porque es muy dif\u00edcil sustituir el jitomate mexicano\u201d, sostuvo la mandataria federal.<\/p>\n<p>\u201cNo estamos de acuerdo con esta medida que toma particularmente el Departamento de Comercio. Es un acuerdo que existe, que ya se prob\u00f3 retirar y lo volvieron a incorporar por el impacto que tiene en la econom\u00eda y los consumidores\u201d, afirm\u00f3 la mandataria federal.<\/p>\n<p>Se\u00f1al\u00f3 que pese al arancel, Estados Unidos seguir\u00e1 importando el jitomate mexicano \u201cporque no tiene sustituto\u201d.<\/p>\n<p>En la ma\u00f1anera, la jefa del Ejecutivo ley\u00f3 un comunicado firmado por cinco de las principales asociaciones de productores de esta hortaliza en el que subrayaron que el consumo generalizado en Estados Unidos asciende a 6 mil 500 millones de libras, de las cuales 4 mil 300 millones son abastecidos por M\u00e9xico y apenas un 9 por ciento llega de otros pa\u00edses.<\/p>\n<p>Por ello, coincidi\u00f3 con los productores nacionales en el sentido que \u201cni en el corto ni en el mediano plazo hay pa\u00edses del mundo que puedan reemplazar el tomate mexicano\u201d. Y es que actualmente, dos de cada tres tomates que se consumen en aquella naci\u00f3n son producidos en territorio mexicano.<\/p>\n<p>La presidenta se\u00f1al\u00f3 que la mayor producci\u00f3n de tomate rojo en Estados Unidos se da en Florida, y son los productores de ese pa\u00eds quienes han buscado que se imponga el arancel a las exportaciones mexicanas.<\/p>\n<p>Anunci\u00f3 que, probablemente, la pr\u00f3xima semana como parte del Plan M\u00e9xico se presentar\u00e1 una serie de acciones en favor de los productores de jitomate y de ganado, por las medidas tomadas por Estados Unidos.<\/p>\n","protected":false},"excerpt":{"rendered":"<p>La presidenta Claudia Sheinbaum Pardo manifest\u00f3 su desacuerdo con la medida unilateral de Estados Unidos de dar por terminado el<\/p>\n","protected":false},"author":4,"featured_media":66939,"comment_status":"closed","ping_status":"closed","sticky":false,"template":"","format":"standard","meta":{"colormag_page_container_layout":"default_layout","colormag_page_sidebar_layout":"default_layout","_jetpack_memberships_contains_paid_content":false,"footnotes":"","jetpack_publicize_message":"","jetpack_publicize_feature_enabled":true,"jetpack_social_post_already_shared":true,"jetpack_social_options":{"image_generator_settings":{"template":"highway","default_image_id":0,"font":"","enabled":false},"version":2}},"categories":[33],"tags":[],"class_list":["post-66938","post","type-post","status-publish","format-standard","has-post-thumbnail","hentry","category-nacional"],"jetpack_publicize_connections":[],"jetpack_featured_media_url":"https:\/\/i0.wp.com\/politicosaldesnudo.com.mx\/wp-content\/uploads\/2025\/07\/2025-07-15_Conferencia_de_prensa_matutina_-_Palacio_Nacional_23_SLE.jpg?fit=1500%2C998&ssl=1","jetpack-related-posts":[],"jetpack_sharing_enabled":true,"_links":{"self":[{"href":"https:\/\/politicosaldesnudo.com.mx\/index.php\/wp-json\/wp\/v2\/posts\/66938","targetHints":{"allow":["GET"]}}],"collection":[{"href":"https:\/\/politicosaldesnudo.com.mx\/index.php\/wp-json\/wp\/v2\/posts"}],"about":[{"href":"https:\/\/politicosaldesnudo.com.mx\/index.php\/wp-json\/wp\/v2\/types\/post"}],"author":[{"embeddable":true,"href":"https:\/\/politicosaldesnudo.com.mx\/index.php\/wp-json\/wp\/v2\/users\/4"}],"replies":[{"embeddable":true,"href":"https:\/\/politicosaldesnudo.com.mx\/index.php\/wp-json\/wp\/v2\/comments?post=66938"}],"version-history":[{"count":0,"href":"https:\/\/politicosaldesnudo.com.mx\/index.php\/wp-json\/wp\/v2\/posts\/66938\/revisions"}],"wp:featuredmedia":[{"embeddable":true,"href":"https:\/\/politicosaldesnudo.com.mx\/index.php\/wp-json\/wp\/v2\/media\/66939"}],"wp:attachment":[{"href":"https:\/\/politicosaldesnudo.com.mx\/index.php\/wp-json\/wp\/v2\/media?parent=66938"}],"wp:term":[{"taxonomy":"category","embeddable":true,"href":"https:\/\/politicosaldesnudo.com.mx\/index.php\/wp-json\/wp\/v2\/categories?post=66938"},{"taxonomy":"post_tag","embeddable":true,"href":"https:\/\/politicosaldesnudo.com.mx\/index.php\/wp-json\/wp\/v2\/tags?post=66938"}],"curies":[{"name":"wp","href":"https:\/\/api.w.org\/{rel}","templated":true}]}}