{"id":66944,"date":"2025-07-16T00:10:56","date_gmt":"2025-07-16T06:10:56","guid":{"rendered":"https:\/\/politicosaldesnudo.com.mx\/?p=66944"},"modified":"2025-07-15T20:11:56","modified_gmt":"2025-07-16T02:11:56","slug":"mexico-cuenta-con-abasto-suficiente-de-energia-cfe","status":"publish","type":"post","link":"https:\/\/politicosaldesnudo.com.mx\/index.php\/2025\/07\/16\/mexico-cuenta-con-abasto-suficiente-de-energia-cfe\/","title":{"rendered":"M\u00e9xico cuenta con abasto suficiente de energ\u00eda: CFE"},"content":{"rendered":"<p class=\"nota-justify\">La Comisi\u00f3n Federal de Electricidad (CFE) reiter\u00f3 que el pa\u00eds cuenta con la generaci\u00f3n suficiente de energ\u00eda para suministrar a los hogares y empresas, a pesar del aumento en el consumo.<\/p>\n<p class=\"nota-justify\">Durante la tercera Sesi\u00f3n Ordinaria del Consejo de Administraci\u00f3n de la empresa p\u00fablica, la directora general, Emilia Calleja Alor, indic\u00f3 que si bien en el segundo trimestre del a\u00f1o se ha registrado un incremento en la demanda de energ\u00eda derivado de las altas temperaturas, la empresa cuenta con un margen de reserva operativo superior (MRO) al 12 por ciento.<\/p>\n<p class=\"nota-justify\">El MRO es el volumen de capacidad que siempre debe tener disponible un sistema de energ\u00eda de cualquier pa\u00eds para garantizar el equilibrio entre oferta y demanda de energ\u00eda el\u00e9ctrica.<\/p>\n<p class=\"nota-justify\">Si el nivel llegar a ser inferior a 6 por ciento, el Centro Nacional de Control de Energ\u00eda (Cenace) puede optar a hacer interrupciones temporales en el Sistema Interconectado Nacional (SIN).<\/p>\n<p class=\"nota-justify\">Lo anterior quiere decir que de mantenerse el mismo nivel del MRO durante lo que resta de la temporada de calor, las autoridades del sector energ\u00e9tico no recurrir\u00edan a medidas como apagones temporales para balancear el sistema.<\/p>\n<p class=\"nota-justify\">Calleja Alor coment\u00f3 que el promedio del margen ha sido superior debido a que se han realizado una serie de trabajos para garantizar la estabilidad del SIN, lo cual incluye un programa de mantenimiento para la red de transmisi\u00f3n y distribuci\u00f3n, as\u00ed como las obras para el restablecimiento del servicio el\u00e9ctrico tras el paso del Hurac\u00e1n Erick.<\/p>\n<p class=\"nota-justify\">La directora general tambi\u00e9n resalt\u00f3 la puesta en marcha de la Central de Ciclo Combinado en Salamanca y la Central Villa de Reyes, as\u00ed como el traslado de un autotransformador trif\u00e1sico a Malpaso, Chiapas, para fortalecer la Zona Sureste de la Red Nacional de Transmisi\u00f3n.<\/p>\n<p class=\"nota-justify\">La funcionaria se\u00f1al\u00f3 que en el sureste del pa\u00eds est\u00e1 siendo fortalecido el sistema el\u00e9ctrico. El objetivo es incrementar 38.2 por ciento en la capacidad de energ\u00eda en la regi\u00f3n con la entrada en operaci\u00f3n de las Centrales Ciclo Combinado M\u00e9rida y Riviera Maya-Valladolid. Adem\u00e1s, se busca conseguir los 5 mil 486 megawatts, actualmente en la regi\u00f3n se tienen disponibles 3 mil 159 megawatts.<\/p>\n<p class=\"nota-justify\">Como parte del Informe del Segundo Trimestre del 2025, Calleja Alor destac\u00f3 los trabajos en favor de la justicia energ\u00e9tica, como en Basiabampo y Tojahui, donde 920 personas ahora cuentan con energ\u00eda debido a 46 obras el\u00e9ctricas.<\/p>\n<p class=\"nota-justify\">Apunt\u00f3 que la CFE tambi\u00e9n est\u00e1 apoyando el proyecto de construcci\u00f3n y operaci\u00f3n de las l\u00edneas 4 y 6, y la extensi\u00f3n de la l\u00ednea 6 del Metrorrey, para lo cual la CFE apoyar\u00e1 en la modificaci\u00f3n de 16 l\u00edneas de transmisi\u00f3n de alta tensi\u00f3n, de las cuales una ya fue concluida el pasado 8 de junio.<\/p>\n<p class=\"nota-justify\">Por su parte, el director de Finanzas, Eugenio Amador Quijano, dio a conocer la Estrategia de Coberturas de Exposici\u00f3n Cambiaria, Tasa de Inter\u00e9s y Precio de Combustible 2026-2027, orientada a mitigar los riesgos financieros mediante la contrataci\u00f3n de instrumentos financieros para el uso eficiente de los recursos sin impactar en el costo, conforme las condiciones prevalecientes de mercado.<\/p>\n","protected":false},"excerpt":{"rendered":"<p>La Comisi\u00f3n Federal de Electricidad (CFE) reiter\u00f3 que el pa\u00eds cuenta con la generaci\u00f3n suficiente de energ\u00eda para suministrar a<\/p>\n","protected":false},"author":4,"featured_media":66945,"comment_status":"closed","ping_status":"closed","sticky":false,"template":"","format":"standard","meta":{"colormag_page_container_layout":"default_layout","colormag_page_sidebar_layout":"default_layout","_jetpack_memberships_contains_paid_content":false,"footnotes":"","jetpack_publicize_message":"","jetpack_publicize_feature_enabled":true,"jetpack_social_post_already_shared":true,"jetpack_social_options":{"image_generator_settings":{"template":"highway","default_image_id":0,"font":"","enabled":false},"version":2}},"categories":[2050],"tags":[],"class_list":["post-66944","post","type-post","status-publish","format-standard","has-post-thumbnail","hentry","category-economia"],"jetpack_publicize_connections":[],"jetpack_featured_media_url":"https:\/\/i0.wp.com\/politicosaldesnudo.com.mx\/wp-content\/uploads\/2025\/07\/moderniza-cfe-infraestructura-y-plataforma-para-la.jpeg?fit=1140%2C712&ssl=1","jetpack-related-posts":[],"jetpack_sharing_enabled":true,"_links":{"self":[{"href":"https:\/\/politicosaldesnudo.com.mx\/index.php\/wp-json\/wp\/v2\/posts\/66944","targetHints":{"allow":["GET"]}}],"collection":[{"href":"https:\/\/politicosaldesnudo.com.mx\/index.php\/wp-json\/wp\/v2\/posts"}],"about":[{"href":"https:\/\/politicosaldesnudo.com.mx\/index.php\/wp-json\/wp\/v2\/types\/post"}],"author":[{"embeddable":true,"href":"https:\/\/politicosaldesnudo.com.mx\/index.php\/wp-json\/wp\/v2\/users\/4"}],"replies":[{"embeddable":true,"href":"https:\/\/politicosaldesnudo.com.mx\/index.php\/wp-json\/wp\/v2\/comments?post=66944"}],"version-history":[{"count":0,"href":"https:\/\/politicosaldesnudo.com.mx\/index.php\/wp-json\/wp\/v2\/posts\/66944\/revisions"}],"wp:featuredmedia":[{"embeddable":true,"href":"https:\/\/politicosaldesnudo.com.mx\/index.php\/wp-json\/wp\/v2\/media\/66945"}],"wp:attachment":[{"href":"https:\/\/politicosaldesnudo.com.mx\/index.php\/wp-json\/wp\/v2\/media?parent=66944"}],"wp:term":[{"taxonomy":"category","embeddable":true,"href":"https:\/\/politicosaldesnudo.com.mx\/index.php\/wp-json\/wp\/v2\/categories?post=66944"},{"taxonomy":"post_tag","embeddable":true,"href":"https:\/\/politicosaldesnudo.com.mx\/index.php\/wp-json\/wp\/v2\/tags?post=66944"}],"curies":[{"name":"wp","href":"https:\/\/api.w.org\/{rel}","templated":true}]}}