{"id":66953,"date":"2025-07-16T00:13:04","date_gmt":"2025-07-16T06:13:04","guid":{"rendered":"https:\/\/politicosaldesnudo.com.mx\/?p=66953"},"modified":"2025-07-15T20:20:23","modified_gmt":"2025-07-16T02:20:23","slug":"jueza-de-campeche-prohibe-a-periodista-referirse-a-la-gobernadora-layda-sansores","status":"publish","type":"post","link":"https:\/\/politicosaldesnudo.com.mx\/index.php\/2025\/07\/16\/jueza-de-campeche-prohibe-a-periodista-referirse-a-la-gobernadora-layda-sansores\/","title":{"rendered":"Jueza de Campeche proh\u00edbe a periodista referirse a la gobernadora Layda Sansores"},"content":{"rendered":"<p class=\"nota-justify\">La jueza de control interina del Sistema Penal Oral y Acusatorio del Estado de Campeche, Ana Maribel de Atocha Huitz May, dict\u00f3 nuevas medidas cautelares contra el periodista Jorge Luis Gonz\u00e1lez Valdez, y el peri\u00f3dico TRIBUNA, pues ambos tendr\u00e1n interventores designados por el Tribunal Superior del Estado para revisar qu\u00e9 pueden publicar. Adem\u00e1s, se les prohibi\u00f3 estrictamente referirse a la gobernadora de Campeche, Layda Sansores San Rom\u00e1n.<\/p>\n<p class=\"nota-justify\">Aunque se confirm\u00f3 la suspensi\u00f3n definitiva de las medidas cautelares que consist\u00edan en la prohibici\u00f3n por dos a\u00f1os para ejercer el periodismo a Jorge Gonz\u00e1lez y la bajada de la plataforma digital de Tribuna, la jueza de control Huitz May, condicion\u00f3 el ejercicio del oficio con nuevas medidas cautelares \u201cm\u00e1s dr\u00e1sticas y violatorias de mis garant\u00edas constitucionales\u201d, asegur\u00f3 el comunicador.<\/p>\n<p class=\"nota-justify\">En audiencia judicial realizada la ma\u00f1ana de este martes, la jueza estableci\u00f3 que \u201cpara salvaguardar los derechos de la v\u00edctima (la gobernadora Layda Elena Sansores San Rom\u00e1n), se determina la intervenci\u00f3n judicial de la plataforma, esto es, que un representante del Tribunal Superior de Justicia conozca antes de publicarse, el contenido de las notas y comentarios. La persona designada debe autorizar lo que se debe publicar, relacionado con la mandataria.<\/p>\n<p class=\"nota-justify\">A Gonz\u00e1lez Valdez se le advirti\u00f3 que deber\u00e1 abstenerse de actuar, declarar u opinar sobre Sansores. Y que no escriba ni publique im\u00e1genes que a ella se refieran. Adem\u00e1s que todo lo relacionado con publicaciones, comentarios, opiniones y declaraciones deben ser supervisados y vigilados.<\/p>\n<p class=\"nota-justify\">La jueza Ana Maribel de Atocha Huitz May asegur\u00f3 en su resolutivo que \u201cno se impide la libertad de expresi\u00f3n, pero hay que cuidar que no se lastime la dignidad de la v\u00edctima, o sea la gobernadora\u201d.<\/p>\n<p class=\"nota-justify\">En apoyo a las peticiones del asesor jur\u00eddico de la gobernadora, Miguel Oliver Huchim Ortiz y la representante del Ministerio P\u00fablico, Jenny Clarivel Nah Mendieta, la jueza orden\u00f3 que el periodista Jorge Gonz\u00e1lez sea acompa\u00f1ado por el censor oficial, cuando grabe alg\u00fan programa, ofrezca una conferencia de prensa u opine.<\/p>\n<p>Al respecto, Gonz\u00e1lez Valdez consider\u00f3 tales medidas como excesivas, aberrantes y violatorias de sus garant\u00edas individuales. No se hab\u00eda visto en los a\u00f1os recientes una decisi\u00f3n que confirma la censura y el ataque directo contra la libertad de expresi\u00f3n, expres\u00f3 el comunicador de 71 a\u00f1os de edad y quien durante m\u00e1s de 40 fue director del diario local\u00a0<i>Tribuna<\/i>.<\/p>\n","protected":false},"excerpt":{"rendered":"<p>La jueza de control interina del Sistema Penal Oral y Acusatorio del Estado de Campeche, Ana Maribel de Atocha Huitz<\/p>\n","protected":false},"author":4,"featured_media":66954,"comment_status":"closed","ping_status":"closed","sticky":false,"template":"","format":"standard","meta":{"colormag_page_container_layout":"default_layout","colormag_page_sidebar_layout":"default_layout","_jetpack_memberships_contains_paid_content":false,"footnotes":"","jetpack_publicize_message":"","jetpack_publicize_feature_enabled":true,"jetpack_social_post_already_shared":true,"jetpack_social_options":{"image_generator_settings":{"template":"highway","default_image_id":0,"font":"","enabled":false},"version":2}},"categories":[30],"tags":[],"class_list":["post-66953","post","type-post","status-publish","format-standard","has-post-thumbnail","hentry","category-estados"],"jetpack_publicize_connections":[],"jetpack_featured_media_url":"https:\/\/i0.wp.com\/politicosaldesnudo.com.mx\/wp-content\/uploads\/2025\/07\/Layda_Sansores_-_Martes_de_Jaguar.jpg?fit=2500%2C1666&ssl=1","jetpack-related-posts":[],"jetpack_sharing_enabled":true,"_links":{"self":[{"href":"https:\/\/politicosaldesnudo.com.mx\/index.php\/wp-json\/wp\/v2\/posts\/66953","targetHints":{"allow":["GET"]}}],"collection":[{"href":"https:\/\/politicosaldesnudo.com.mx\/index.php\/wp-json\/wp\/v2\/posts"}],"about":[{"href":"https:\/\/politicosaldesnudo.com.mx\/index.php\/wp-json\/wp\/v2\/types\/post"}],"author":[{"embeddable":true,"href":"https:\/\/politicosaldesnudo.com.mx\/index.php\/wp-json\/wp\/v2\/users\/4"}],"replies":[{"embeddable":true,"href":"https:\/\/politicosaldesnudo.com.mx\/index.php\/wp-json\/wp\/v2\/comments?post=66953"}],"version-history":[{"count":0,"href":"https:\/\/politicosaldesnudo.com.mx\/index.php\/wp-json\/wp\/v2\/posts\/66953\/revisions"}],"wp:featuredmedia":[{"embeddable":true,"href":"https:\/\/politicosaldesnudo.com.mx\/index.php\/wp-json\/wp\/v2\/media\/66954"}],"wp:attachment":[{"href":"https:\/\/politicosaldesnudo.com.mx\/index.php\/wp-json\/wp\/v2\/media?parent=66953"}],"wp:term":[{"taxonomy":"category","embeddable":true,"href":"https:\/\/politicosaldesnudo.com.mx\/index.php\/wp-json\/wp\/v2\/categories?post=66953"},{"taxonomy":"post_tag","embeddable":true,"href":"https:\/\/politicosaldesnudo.com.mx\/index.php\/wp-json\/wp\/v2\/tags?post=66953"}],"curies":[{"name":"wp","href":"https:\/\/api.w.org\/{rel}","templated":true}]}}