{"id":67056,"date":"2025-07-17T00:19:51","date_gmt":"2025-07-17T06:19:51","guid":{"rendered":"https:\/\/politicosaldesnudo.com.mx\/?p=67056"},"modified":"2025-07-16T22:11:58","modified_gmt":"2025-07-17T04:11:58","slug":"muestra-brasil-indignacion-por-aranceles-pero-quiere-dialogo","status":"publish","type":"post","link":"https:\/\/politicosaldesnudo.com.mx\/index.php\/2025\/07\/17\/muestra-brasil-indignacion-por-aranceles-pero-quiere-dialogo\/","title":{"rendered":"Muestra Brasil \u201cindignaci\u00f3n\u201d por aranceles, pero quiere di\u00e1logo"},"content":{"rendered":"<p class=\"nota-justify\">Brasil manifest\u00f3 este mi\u00e9rcoles a Estados Unidos su \u201cindignaci\u00f3n\u201d ante los anuncios de aranceles, pero reiter\u00f3 que \u201csigue listo para dialogar\u201d sobre el comercio entre los dos pa\u00edses, seg\u00fan una carta difundida este mi\u00e9rcoles.<\/p>\n<p class=\"nota-justify\">El documento fue enviado el martes al secretario estadunidense de Comercio, Howard Lutnick, y al representante comercial Jamieson Greer.<\/p>\n<p class=\"nota-justify\">\u201cBrasil sigue listo para dialogar con las autoridades estadunidenses y negociar una soluci\u00f3n mutuamente aceptable sobre los aspectos comerciales de la agenda bilateral\u201d, se\u00f1ala la misiva, firmada por el vicepresidente y ministro de Industria y Comercio, Geraldo Alckmin, y el canciller, Mauro Vieira.<\/p>\n<p class=\"nota-justify\">Adem\u00e1s solicitaron a Estados Unidos identificar \u00e1reas de preocupaci\u00f3n y recordaron que en mayo se present\u00f3 una \u201cminuta confidencial de propuesta\u201d para explorar \u201csoluciones mutuamente acordadas\u201d.<\/p>\n<p class=\"nota-justify\">La carta no menciona una investigaci\u00f3n abierta tambi\u00e9n el martes por la administraci\u00f3n de Donald Trump al pa\u00eds suramericano por \u201cpr\u00e1cticas comerciales injustas\u201d.<\/p>\n<p class=\"nota-justify\">Pero tras reunirse este mi\u00e9rcoles con representantes de las empresas estadunidenses en Brasil, Alckmin dijo que el gobierno brasile\u00f1o no ve \u201cning\u00fan problema\u201d en la pesquisa y convoc\u00f3 a Washington para \u201cresolver la cuesti\u00f3n arancelaria\u201d juntos.<\/p>\n<p class=\"nota-justify\">Trump amenaz\u00f3 la semana pasada a Brasil, gobernado por el izquierdista Luiz In\u00e1cio Lula da Silva, con los aranceles, en parte por lo que considera una \u201ccaza de brujas\u201d contra el expresidente Jair Bolsonaro, juzgado en la corte suprema por tentativa de golpe de Estado.<\/p>\n<p class=\"nota-justify\">La carta oficial publicada este mi\u00e9rcoles se\u00f1ala que \u201cel gobierno brasile\u00f1o manifiesta su indignaci\u00f3n con el anuncio\u201d de esta pesada medida y alerta sobre sus posibles efectos econ\u00f3micos.<\/p>\n<p class=\"nota-justify\">\u201cLa imposici\u00f3n de aranceles tendr\u00e1 un impacto muy negativo en sectores importantes de ambas econom\u00edas, lo que pone en riesgo una sociedad econ\u00f3mica hist\u00f3ricamente fuerte\u201d, seg\u00fan el texto de una p\u00e1gina.<\/p>\n","protected":false},"excerpt":{"rendered":"<p>Brasil manifest\u00f3 este mi\u00e9rcoles a Estados Unidos su \u201cindignaci\u00f3n\u201d ante los anuncios de aranceles, pero reiter\u00f3 que \u201csigue listo para<\/p>\n","protected":false},"author":4,"featured_media":67057,"comment_status":"closed","ping_status":"closed","sticky":false,"template":"","format":"standard","meta":{"colormag_page_container_layout":"default_layout","colormag_page_sidebar_layout":"default_layout","_jetpack_memberships_contains_paid_content":false,"footnotes":"","jetpack_publicize_message":"","jetpack_publicize_feature_enabled":true,"jetpack_social_post_already_shared":true,"jetpack_social_options":{"image_generator_settings":{"template":"highway","default_image_id":0,"font":"","enabled":false},"version":2}},"categories":[28],"tags":[],"class_list":["post-67056","post","type-post","status-publish","format-standard","has-post-thumbnail","hentry","category-internacional"],"jetpack_publicize_connections":[],"jetpack_featured_media_url":"https:\/\/i0.wp.com\/politicosaldesnudo.com.mx\/wp-content\/uploads\/2025\/07\/brasl.jpg?fit=755%2C509&ssl=1","jetpack-related-posts":[],"jetpack_sharing_enabled":true,"_links":{"self":[{"href":"https:\/\/politicosaldesnudo.com.mx\/index.php\/wp-json\/wp\/v2\/posts\/67056","targetHints":{"allow":["GET"]}}],"collection":[{"href":"https:\/\/politicosaldesnudo.com.mx\/index.php\/wp-json\/wp\/v2\/posts"}],"about":[{"href":"https:\/\/politicosaldesnudo.com.mx\/index.php\/wp-json\/wp\/v2\/types\/post"}],"author":[{"embeddable":true,"href":"https:\/\/politicosaldesnudo.com.mx\/index.php\/wp-json\/wp\/v2\/users\/4"}],"replies":[{"embeddable":true,"href":"https:\/\/politicosaldesnudo.com.mx\/index.php\/wp-json\/wp\/v2\/comments?post=67056"}],"version-history":[{"count":0,"href":"https:\/\/politicosaldesnudo.com.mx\/index.php\/wp-json\/wp\/v2\/posts\/67056\/revisions"}],"wp:featuredmedia":[{"embeddable":true,"href":"https:\/\/politicosaldesnudo.com.mx\/index.php\/wp-json\/wp\/v2\/media\/67057"}],"wp:attachment":[{"href":"https:\/\/politicosaldesnudo.com.mx\/index.php\/wp-json\/wp\/v2\/media?parent=67056"}],"wp:term":[{"taxonomy":"category","embeddable":true,"href":"https:\/\/politicosaldesnudo.com.mx\/index.php\/wp-json\/wp\/v2\/categories?post=67056"},{"taxonomy":"post_tag","embeddable":true,"href":"https:\/\/politicosaldesnudo.com.mx\/index.php\/wp-json\/wp\/v2\/tags?post=67056"}],"curies":[{"name":"wp","href":"https:\/\/api.w.org\/{rel}","templated":true}]}}