{"id":67059,"date":"2025-07-17T00:20:13","date_gmt":"2025-07-17T06:20:13","guid":{"rendered":"https:\/\/politicosaldesnudo.com.mx\/?p=67059"},"modified":"2025-07-16T22:14:29","modified_gmt":"2025-07-17T04:14:29","slug":"volver-a-un-pais-desconocido-el-conflicto-de-un-deportado-hondureno","status":"publish","type":"post","link":"https:\/\/politicosaldesnudo.com.mx\/index.php\/2025\/07\/17\/volver-a-un-pais-desconocido-el-conflicto-de-un-deportado-hondureno\/","title":{"rendered":"Volver a un pa\u00eds desconocido: el conflicto de un deportado hondure\u00f1o"},"content":{"rendered":"<p class=\"nota-justify\">Emerson Colindres acababa de terminar la escuela secundaria y estaba lleno de planes cuando fue deportado de Estados Unidos, donde viv\u00eda desde los ocho a\u00f1os. Ahora le cuesta mucho adaptarse a Honduras, su pa\u00eds natal.<\/p>\n<p class=\"nota-justify\">La vida de este joven cambi\u00f3 dram\u00e1ticamente el 4 de junio, cuando fue arrestado al acudir a una cita en el Servicio de Migraci\u00f3n y Aduanas (ICE) en la ciudad de Cincinnati (Ohio).<\/p>\n<p class=\"nota-justify\">\u00abMe present\u00e9 para una rutina de chequeo y nom\u00e1s me dejaron detenido\u00bb, cuenta este hondure\u00f1o de 19 a\u00f1os, quien nunca hab\u00eda tenido problemas con la justicia.<\/p>\n<p class=\"nota-justify\">Luego de dos semanas preso, fue subido a un vuelo ch\u00e1rter con otros deportados y enviado a Honduras, el pa\u00eds que hab\u00eda dejado de ni\u00f1o en 2014 junto a su madre, Ada Bell Baquedano, y a su hermana Alison.<\/p>\n<p class=\"nota-justify\">Su caso no es el \u00fanico. Desde que Donald Trump regres\u00f3 a la Casa Blanca en enero, miles de ni\u00f1os y j\u00f3venes migrantes han sido deportados a los pa\u00edses en que nacieron pero que no conocen.<\/p>\n<p class=\"nota-justify\">Washington ha deportado este a\u00f1o a 11 mil 823 hondure\u00f1os. Entre los retornados hay 2 mil 846 menores de 20 a\u00f1os.<\/p>\n<p class=\"nota-justify\">\u00a0<strong>De Cincinnati a Guapinol<\/strong><\/p>\n<p class=\"nota-justify\">\u00abNo conozco a nadie [en Honduras], no s\u00e9 c\u00f3mo es ac\u00e1\u00bb, explica Colindres a la AFP en el aeropuerto de Toncont\u00edn, que sirve a Tegucigalpa, mientras espera el aterrizaje del avi\u00f3n en que su madre y su hermana, de 16 a\u00f1os, regresaban de Estados Unidos.<\/p>\n<p class=\"nota-justify\">La mujer y su hija volvieron en un vuelo comercial a Honduras seis d\u00edas despu\u00e9s que Emerson, quien las recibi\u00f3 con efusivos abrazos, pues las extra\u00f1aba mucho porque nunca hab\u00edan estado separados.<\/p>\n<p class=\"nota-justify\">Si bien ellas no fueron deportadas, el mismo d\u00eda en que Emerson fue detenido, el ICE les notific\u00f3 que ten\u00edan un mes de plazo para abandonar Estados Unidos.<\/p>\n<p class=\"nota-justify\">Aunque Baquedano hab\u00eda ingresado con sus hijos de forma ilegal a Estados Unidos, durante a\u00f1os hizo gestiones para obtener asilo o residencia legal, lo que nunca consigui\u00f3.<\/p>\n<p class=\"nota-justify\">La mujer ahora vive con sus hijos en una precaria casa en Guapinol, un caluroso y r\u00fastico caser\u00edo de calles de tierra y escasa vegetaci\u00f3n reseca, a 140 km al sur de Tegucigalpa.<\/p>\n<p class=\"nota-justify\">Un centenar de familias vive en esta aldea del municipio de Marcovia, donde la mayor\u00eda subsiste con la pesca artesanal en una de las zonas m\u00e1s pobres de Honduras.<\/p>\n<p class=\"nota-justify\"><strong>\u00abTen\u00eda una vida\u00bb<\/strong><\/p>\n<p class=\"nota-justify\">\u00a0El contraste con Cincinnati es enorme. Baquedano y sus hijos viv\u00edan en un apartamento de dos plantas en Cheviot, un suburbio de la pujante ciudad estadunidense.<\/p>\n<p class=\"nota-justify\">\u00a0\u00abExtra\u00f1o todo de all\u00e1, ten\u00eda una vida, ten\u00eda m\u00e1s tiempo all\u00e1 que lo que viv\u00ed ac\u00e1\u00bb de ni\u00f1o, dice Colindres.<\/p>\n<p class=\"nota-justify\">Su madre trabajaba en limpieza de casas y venta de comida, mientras \u00e9l iba a la escuela p\u00fablica Gilbert A. Dater High School, donde era un destacado jugador de f\u00fatbol.<\/p>\n<p class=\"nota-justify\">\u00abEs dif\u00edcil adaptarse [en Honduras], porque no estoy acostumbrado\u00bb, indica el joven de cabello negro crespo, fino bigote y pera, y aretes dorados en las orejas.<\/p>\n<p class=\"nota-justify\">En cambio, en Estados Unidos \u00abten\u00eda planeado ir a la universidad a estudiar psicolog\u00eda y jugar f\u00fatbol\u00bb, a\u00f1ade Colindres, quien aspiraba a convertirse en futbolista profesional.<\/p>\n","protected":false},"excerpt":{"rendered":"<p>Emerson Colindres acababa de terminar la escuela secundaria y estaba lleno de planes cuando fue deportado de Estados Unidos, donde<\/p>\n","protected":false},"author":4,"featured_media":67060,"comment_status":"closed","ping_status":"closed","sticky":false,"template":"","format":"standard","meta":{"colormag_page_container_layout":"default_layout","colormag_page_sidebar_layout":"default_layout","_jetpack_memberships_contains_paid_content":false,"footnotes":"","jetpack_publicize_message":"","jetpack_publicize_feature_enabled":true,"jetpack_social_post_already_shared":true,"jetpack_social_options":{"image_generator_settings":{"template":"highway","default_image_id":0,"font":"","enabled":false},"version":2}},"categories":[28],"tags":[],"class_list":["post-67059","post","type-post","status-publish","format-standard","has-post-thumbnail","hentry","category-internacional"],"jetpack_publicize_connections":[],"jetpack_featured_media_url":"https:\/\/i0.wp.com\/politicosaldesnudo.com.mx\/wp-content\/uploads\/2025\/07\/ser.jpg?fit=743%2C507&ssl=1","jetpack-related-posts":[],"jetpack_sharing_enabled":true,"_links":{"self":[{"href":"https:\/\/politicosaldesnudo.com.mx\/index.php\/wp-json\/wp\/v2\/posts\/67059","targetHints":{"allow":["GET"]}}],"collection":[{"href":"https:\/\/politicosaldesnudo.com.mx\/index.php\/wp-json\/wp\/v2\/posts"}],"about":[{"href":"https:\/\/politicosaldesnudo.com.mx\/index.php\/wp-json\/wp\/v2\/types\/post"}],"author":[{"embeddable":true,"href":"https:\/\/politicosaldesnudo.com.mx\/index.php\/wp-json\/wp\/v2\/users\/4"}],"replies":[{"embeddable":true,"href":"https:\/\/politicosaldesnudo.com.mx\/index.php\/wp-json\/wp\/v2\/comments?post=67059"}],"version-history":[{"count":0,"href":"https:\/\/politicosaldesnudo.com.mx\/index.php\/wp-json\/wp\/v2\/posts\/67059\/revisions"}],"wp:featuredmedia":[{"embeddable":true,"href":"https:\/\/politicosaldesnudo.com.mx\/index.php\/wp-json\/wp\/v2\/media\/67060"}],"wp:attachment":[{"href":"https:\/\/politicosaldesnudo.com.mx\/index.php\/wp-json\/wp\/v2\/media?parent=67059"}],"wp:term":[{"taxonomy":"category","embeddable":true,"href":"https:\/\/politicosaldesnudo.com.mx\/index.php\/wp-json\/wp\/v2\/categories?post=67059"},{"taxonomy":"post_tag","embeddable":true,"href":"https:\/\/politicosaldesnudo.com.mx\/index.php\/wp-json\/wp\/v2\/tags?post=67059"}],"curies":[{"name":"wp","href":"https:\/\/api.w.org\/{rel}","templated":true}]}}