{"id":67117,"date":"2025-07-18T00:16:56","date_gmt":"2025-07-18T06:16:56","guid":{"rendered":"https:\/\/politicosaldesnudo.com.mx\/?p=67117"},"modified":"2025-07-17T21:39:10","modified_gmt":"2025-07-18T03:39:10","slug":"fiscalia-de-morelos-destaca-detencion-de-24-colombianos-prestamistas","status":"publish","type":"post","link":"https:\/\/politicosaldesnudo.com.mx\/index.php\/2025\/07\/18\/fiscalia-de-morelos-destaca-detencion-de-24-colombianos-prestamistas\/","title":{"rendered":"Fiscal\u00eda de Morelos destaca detenci\u00f3n de 24 colombianos prestamistas"},"content":{"rendered":"<p class=\"nota-justify\">En Morelos, de octubre de 2024 y julio de 2025, se han detenido unas 24 personas de Colombia que realizaban pr\u00e9stamos ilegales conocido como \u201cgota a gota\u201d; y de febrero a la fecha han retirado 93 c\u00e1maras de video-vigilancia que serv\u00edan a grupos delictivos, asegur\u00f3 el titular de la Secretar\u00eda de Seguridad y Protecci\u00f3n Ciudadana (SSPC), Miguel \u00c1ngel Urrutia Lozano.<\/p>\n<p class=\"nota-justify\">Esta informaci\u00f3n la dio a conocer el funcionario estatal el mi\u00e9rcoles en su conferencia que ofrece cada dos semanas, acompa\u00f1ado por el secretario de gobierno, Juan Salgado Brito, y dem\u00e1s integrantes de titulares de seguridad del Ej\u00e9rcito y de la Guardia Nacional.<\/p>\n<p class=\"nota-justify\">Entre los operativos m\u00e1s relevantes que destac\u00f3 Urrutia, fue \u201cla detenci\u00f3n de 24 personas de nacionalidad colombiana, entre octubre de 2024 y julio de 2025, como parte del combate al sistema de pr\u00e9stamos ilegales conocido como \u201cgota a gota\u201d, m\u00e9todo de extorsi\u00f3n y cobro violento que afecta gravemente a comerciantes y familias en situaci\u00f3n vulnerable\u201d.<\/p>\n<p class=\"nota-justify\">Estas personas de nacionalidad colombiana, precis\u00f3 Urrutia, fueron aseguradas en 19 eventos distintos, y en varios casos, se presume su vinculaci\u00f3n con c\u00e9lulas delictivas conocidas como \u201cLos Mayas\u201d, Liga de la Justicia\u201d o Los de Siempre\u201d.<\/p>\n<p class=\"nota-justify\">Adem\u00e1s dentro de la Estrategia Nacional Antiextorsi\u00f3n, del primero de diciembre de 2024 al 14 de julio de 2025, \u201cse han atendido 48 actos de Extorsi\u00f3n Virtual en la Entidad, donde la Regi\u00f3n Oriente presenta 20 casos, el municipio de Cuautla acumula un total de 12 eventos atendidos\u201d.<\/p>\n<p class=\"nota-justify\">\u201cEstos actos de extorsi\u00f3n virtual se han reportado a SSPC del Gobierno Federal para que se relacionen con cuentas bancarias de grupos delictivos que cometan este tipo de conductas il\u00edcitas. Hacemos un llamado a no caer en enga\u00f1os y reportar de forma inmediata al 089 cualquier intento de extorsi\u00f3n\u201d, expres\u00f3.<\/p>\n<p class=\"nota-justify\">En esa misma rueda de prensa,\u00a0 el encargado de la seguridad p\u00fablica inform\u00f3 que desde la segunda quincena de febrero de este a\u00f1o, cuando inici\u00f3 a nivel nacional un programa para retirar las llamadas \u201cc\u00e1maras par\u00e1sitas\u201d, \u201clas cuales son utilizadas en el monitoreo ilegal por parte de grupos delictivos en todo el pa\u00eds\u201d, en esta entidad, precis\u00f3 que se aseguraron 93 dispositivos que no fueron reconocidos por ninguna persona.<\/p>\n<p class=\"nota-justify\">Otras 110 c\u00e1maras detectadas, agreg\u00f3 Urrutia, fueron reubicadas al acreditarse la propiedad de estas, y comprobarse que esos dispositivos no estaban al servicio de ning\u00fan grupo delictivo que opere en la entidad.<\/p>\n<p class=\"nota-justify\">Por su parte, el secretario de gobierno, Juan Salgado, celebr\u00f3 que el Congreso local, el 15 de julio en el cierre de sesi\u00f3n, donde se aprob\u00f3 y reconoci\u00f3 la prohibici\u00f3n de la interpretaci\u00f3n en espacios p\u00fablicos y privados de \u201cnarco corridos\u201d, o cualquier otro subg\u00e9nero que musical que promueva la violencia o apolog\u00eda del delito\u201d.<\/p>\n","protected":false},"excerpt":{"rendered":"<p>En Morelos, de octubre de 2024 y julio de 2025, se han detenido unas 24 personas de Colombia que realizaban<\/p>\n","protected":false},"author":4,"featured_media":67118,"comment_status":"closed","ping_status":"closed","sticky":false,"template":"","format":"standard","meta":{"colormag_page_container_layout":"default_layout","colormag_page_sidebar_layout":"default_layout","_jetpack_memberships_contains_paid_content":false,"footnotes":"","jetpack_publicize_message":"","jetpack_publicize_feature_enabled":true,"jetpack_social_post_already_shared":true,"jetpack_social_options":{"image_generator_settings":{"template":"highway","default_image_id":0,"font":"","enabled":false},"version":2}},"categories":[30],"tags":[],"class_list":["post-67117","post","type-post","status-publish","format-standard","has-post-thumbnail","hentry","category-estados"],"jetpack_publicize_connections":[],"jetpack_featured_media_url":"https:\/\/i0.wp.com\/politicosaldesnudo.com.mx\/wp-content\/uploads\/2025\/07\/LOSPO.jpg?fit=743%2C548&ssl=1","jetpack-related-posts":[],"jetpack_sharing_enabled":true,"_links":{"self":[{"href":"https:\/\/politicosaldesnudo.com.mx\/index.php\/wp-json\/wp\/v2\/posts\/67117","targetHints":{"allow":["GET"]}}],"collection":[{"href":"https:\/\/politicosaldesnudo.com.mx\/index.php\/wp-json\/wp\/v2\/posts"}],"about":[{"href":"https:\/\/politicosaldesnudo.com.mx\/index.php\/wp-json\/wp\/v2\/types\/post"}],"author":[{"embeddable":true,"href":"https:\/\/politicosaldesnudo.com.mx\/index.php\/wp-json\/wp\/v2\/users\/4"}],"replies":[{"embeddable":true,"href":"https:\/\/politicosaldesnudo.com.mx\/index.php\/wp-json\/wp\/v2\/comments?post=67117"}],"version-history":[{"count":0,"href":"https:\/\/politicosaldesnudo.com.mx\/index.php\/wp-json\/wp\/v2\/posts\/67117\/revisions"}],"wp:featuredmedia":[{"embeddable":true,"href":"https:\/\/politicosaldesnudo.com.mx\/index.php\/wp-json\/wp\/v2\/media\/67118"}],"wp:attachment":[{"href":"https:\/\/politicosaldesnudo.com.mx\/index.php\/wp-json\/wp\/v2\/media?parent=67117"}],"wp:term":[{"taxonomy":"category","embeddable":true,"href":"https:\/\/politicosaldesnudo.com.mx\/index.php\/wp-json\/wp\/v2\/categories?post=67117"},{"taxonomy":"post_tag","embeddable":true,"href":"https:\/\/politicosaldesnudo.com.mx\/index.php\/wp-json\/wp\/v2\/tags?post=67117"}],"curies":[{"name":"wp","href":"https:\/\/api.w.org\/{rel}","templated":true}]}}