{"id":67120,"date":"2025-07-18T00:17:57","date_gmt":"2025-07-18T06:17:57","guid":{"rendered":"https:\/\/politicosaldesnudo.com.mx\/?p=67120"},"modified":"2025-07-17T21:41:08","modified_gmt":"2025-07-18T03:41:08","slug":"argentina-personal-sanitario-de-hospital-garraham-encabeza-protesta-masiva","status":"publish","type":"post","link":"https:\/\/politicosaldesnudo.com.mx\/index.php\/2025\/07\/18\/argentina-personal-sanitario-de-hospital-garraham-encabeza-protesta-masiva\/","title":{"rendered":"Argentina: personal sanitario de hospital Garraham encabeza protesta masiva"},"content":{"rendered":"<p class=\"nota-justify\">Miles acompa\u00f1aron este jueves la marcha de los trabajadores del hospital Garraham, el m\u00e1s importante del pa\u00eds en la atenci\u00f3n de ni\u00f1os y adolescentes, especializado en enfermedades de alta complejidad, a quienes se sumaron los jubilados, representantes de todas las centrales sindicales, organizaciones sociales y estudiantiles, que desafiaron pac\u00edficamente el enorme operativo de seguridad.<\/p>\n<p class=\"nota-justify\">Tanto el Garrahan como los hospitales p\u00fablicos han sido desfinanciados por el gobierno del presidente ultraderechista, Javier Milei, lo que rechazan los trabajadores de salud, que adem\u00e1s exigen aumentos salariales, cuando aumentan los precios de alimentos, medicamentos, alquileres, transporte y las facturas de los servicios p\u00fablicos, que resultan impagables para millones de argentinos.<\/p>\n<p class=\"nota-justify\">Los trabajadores del Garrahan fueron acompa\u00f1ados por familiares de ni\u00f1os que salvaron en este hospital p\u00fablico al que hoy el gobierno de Milei destruye como lo hace con el resto.<\/p>\n<p class=\"nota-justify\">\u201cEl Garrahan es una \u201ccausa nacional\u201d, fue la consigna en un d\u00eda en el que ni el extremo fr\u00edo pudo contener la marcha que comenz\u00f3 en el Congreso y lleg\u00f3 hasta la hist\u00f3rica Plaza de Mayo.<\/p>\n<p class=\"nota-justify\">El gobierno atraviesa por un momento cr\u00edtico en lo econ\u00f3mico, agrav\u00e1ndose la situaci\u00f3n interna con las distancias con la vicepresidenta, Victoria Villarruel, y la rebeli\u00f3n de varios gobernadores, entre ellos sus aliados de Propuesta Republicana (PRO).<\/p>\n<p class=\"nota-justify\">Federico Pokorowski, del Destape, advierte que \u201ccrece la rebeli\u00f3n en Propuesta Republicana ( PRO) el mayor aliado de Milei, en rechazo al acuerdo electoral con (oficialista) La Libertad Avanza en la provincia de Buenos Aires. A dos d\u00edas del cierre de listas para las elecciones legislativas provinciales, los intendentes piden que se respete la jefatura pol\u00edtica de los distritos que gobiernan. Las fugas ya comenzaron y se pueden multiplicar\u201d.<\/p>\n<p class=\"nota-justify\">Por otra parte, se conoci\u00f3 incluso en los medios afines al gobierno que la empresa de vigilancia privada Tech Security, de los hermanos del presidente de la C\u00e1mara de Diputados, Mart\u00edn Menem, muy cercano a la hermana del mandatario, Karina Milei, fue seleccionada en una licitaci\u00f3n de cuatro mil millones de pesos (3 mil millones, 143 mil 442 d\u00f3lares ) para proveer servicios de seguridad en distintas sedes del Banco Naci\u00f3n. Hay una lista de empresas de la familia Menem con v\u00ednculos millonarios con el Estado.<\/p>\n<p class=\"nota-justify\">\u201cOtra firma vinculada al clan Menem que logr\u00f3 ganar millonarias licitaciones con el gobierno libertario como es Global Protection Service Group, que se qued\u00f3 con muchos de los contratos que antes ten\u00eda Tech Security\u201d, se\u00f1ala El Destape.<\/p>\n<p class=\"nota-justify\">Por lo pronto, Milei intenta lograr por \u201clos medios que sean\u201d que los diputados lo ayuden a vetar el aumento a las pensiones a los jubilados y todas las leyes votadas recientemente por la mayor\u00eda del Senado en favor de recuperar derechos esenciales que les fueron confiscados tanto a los jubilados, como los discapacitados y otros.<\/p>\n","protected":false},"excerpt":{"rendered":"<p>Miles acompa\u00f1aron este jueves la marcha de los trabajadores del hospital Garraham, el m\u00e1s importante del pa\u00eds en la atenci\u00f3n<\/p>\n","protected":false},"author":4,"featured_media":67121,"comment_status":"closed","ping_status":"closed","sticky":false,"template":"","format":"standard","meta":{"colormag_page_container_layout":"default_layout","colormag_page_sidebar_layout":"default_layout","_jetpack_memberships_contains_paid_content":false,"footnotes":"","jetpack_publicize_message":"","jetpack_publicize_feature_enabled":true,"jetpack_social_post_already_shared":true,"jetpack_social_options":{"image_generator_settings":{"template":"highway","default_image_id":0,"font":"","enabled":false},"version":2}},"categories":[28],"tags":[],"class_list":["post-67120","post","type-post","status-publish","format-standard","has-post-thumbnail","hentry","category-internacional"],"jetpack_publicize_connections":[],"jetpack_featured_media_url":"https:\/\/i0.wp.com\/politicosaldesnudo.com.mx\/wp-content\/uploads\/2025\/07\/PROTMIL.jpg?fit=777%2C512&ssl=1","jetpack-related-posts":[],"jetpack_sharing_enabled":true,"_links":{"self":[{"href":"https:\/\/politicosaldesnudo.com.mx\/index.php\/wp-json\/wp\/v2\/posts\/67120","targetHints":{"allow":["GET"]}}],"collection":[{"href":"https:\/\/politicosaldesnudo.com.mx\/index.php\/wp-json\/wp\/v2\/posts"}],"about":[{"href":"https:\/\/politicosaldesnudo.com.mx\/index.php\/wp-json\/wp\/v2\/types\/post"}],"author":[{"embeddable":true,"href":"https:\/\/politicosaldesnudo.com.mx\/index.php\/wp-json\/wp\/v2\/users\/4"}],"replies":[{"embeddable":true,"href":"https:\/\/politicosaldesnudo.com.mx\/index.php\/wp-json\/wp\/v2\/comments?post=67120"}],"version-history":[{"count":0,"href":"https:\/\/politicosaldesnudo.com.mx\/index.php\/wp-json\/wp\/v2\/posts\/67120\/revisions"}],"wp:featuredmedia":[{"embeddable":true,"href":"https:\/\/politicosaldesnudo.com.mx\/index.php\/wp-json\/wp\/v2\/media\/67121"}],"wp:attachment":[{"href":"https:\/\/politicosaldesnudo.com.mx\/index.php\/wp-json\/wp\/v2\/media?parent=67120"}],"wp:term":[{"taxonomy":"category","embeddable":true,"href":"https:\/\/politicosaldesnudo.com.mx\/index.php\/wp-json\/wp\/v2\/categories?post=67120"},{"taxonomy":"post_tag","embeddable":true,"href":"https:\/\/politicosaldesnudo.com.mx\/index.php\/wp-json\/wp\/v2\/tags?post=67120"}],"curies":[{"name":"wp","href":"https:\/\/api.w.org\/{rel}","templated":true}]}}