{"id":67145,"date":"2025-07-19T00:03:56","date_gmt":"2025-07-19T06:03:56","guid":{"rendered":"https:\/\/politicosaldesnudo.com.mx\/?p=67145"},"modified":"2025-07-18T21:37:23","modified_gmt":"2025-07-19T03:37:23","slug":"cerrara-tuxpan-su-administracion-municipal-de-manera-ordenada","status":"publish","type":"post","link":"https:\/\/politicosaldesnudo.com.mx\/index.php\/2025\/07\/19\/cerrara-tuxpan-su-administracion-municipal-de-manera-ordenada\/","title":{"rendered":"Cerrar\u00e1 Tuxpan su administraci\u00f3n municipal de manera ordenada"},"content":{"rendered":"<p>Con el objetivo de cerrar con responsabilidad y dejar un legado de estabilidad administrativa, la s\u00edndica \u00fanica del Ayuntamiento de Tuxpan, Beatriz Pi\u00f1a Vergara, inform\u00f3 que ya se encuentran en plena preparaci\u00f3n para la etapa final del gobierno municipal.<\/p>\n<p>En entrevista, destac\u00f3 que, pese a las limitaciones presupuestales y a los adeudos heredados de administraciones anteriores, el actual gobierno ha logrado avanzar significativamente en el pago de deudas hist\u00f3ricas y laudos laborales, lo cual refleja el compromiso con la legalidad y el buen manejo de los recursos p\u00fablicos.<\/p>\n<p>\u201cEstamos en los \u00faltimos meses de gesti\u00f3n y trabajamos para entregar una administraci\u00f3n lo m\u00e1s sana posible. No ha sido f\u00e1cil porque tra\u00edamos muchos compromisos del pasado, pero hemos hecho frente a ellos de manera responsable. Esta es la administraci\u00f3n que m\u00e1s ha pagado en cuanto a laudos y deudas como la que mantienen con el IMSS y que se ven\u00edan arrastrando desde hace varias administraciones\u201d, se\u00f1al\u00f3.<\/p>\n<p>Aunque no detall\u00f3 las cifras, Pi\u00f1a Vergara explic\u00f3 que varios de estos laudos representaban riesgos legales y financieros para el municipio, pero gracias a la planeaci\u00f3n y disciplina financiera, se logr\u00f3 cubrir una parte importante de estas obligaciones sin afectar la operatividad del gobierno ni frenar el desarrollo de obra p\u00fablica.<\/p>\n<p>En este sentido, destac\u00f3 que ya se est\u00e1 ejecutando el paquete de obras correspondiente a 2025, el cual, si bien apenas ha iniciado, se prev\u00e9 que est\u00e9 concluido en tiempo y forma antes del cierre de la administraci\u00f3n.<\/p>\n","protected":false},"excerpt":{"rendered":"<p>Con el objetivo de cerrar con responsabilidad y dejar un legado de estabilidad administrativa, la s\u00edndica \u00fanica del Ayuntamiento de<\/p>\n","protected":false},"author":4,"featured_media":67146,"comment_status":"closed","ping_status":"closed","sticky":false,"template":"","format":"standard","meta":{"colormag_page_container_layout":"default_layout","colormag_page_sidebar_layout":"default_layout","_jetpack_memberships_contains_paid_content":false,"footnotes":"","jetpack_publicize_message":"","jetpack_publicize_feature_enabled":true,"jetpack_social_post_already_shared":true,"jetpack_social_options":{"image_generator_settings":{"template":"highway","default_image_id":0,"font":"","enabled":false},"version":2}},"categories":[1082],"tags":[],"class_list":["post-67145","post","type-post","status-publish","format-standard","has-post-thumbnail","hentry","category-tuxpan"],"jetpack_publicize_connections":[],"jetpack_featured_media_url":"https:\/\/i0.wp.com\/politicosaldesnudo.com.mx\/wp-content\/uploads\/2025\/07\/ADM.jpg?fit=1200%2C800&ssl=1","jetpack-related-posts":[],"jetpack_sharing_enabled":true,"_links":{"self":[{"href":"https:\/\/politicosaldesnudo.com.mx\/index.php\/wp-json\/wp\/v2\/posts\/67145","targetHints":{"allow":["GET"]}}],"collection":[{"href":"https:\/\/politicosaldesnudo.com.mx\/index.php\/wp-json\/wp\/v2\/posts"}],"about":[{"href":"https:\/\/politicosaldesnudo.com.mx\/index.php\/wp-json\/wp\/v2\/types\/post"}],"author":[{"embeddable":true,"href":"https:\/\/politicosaldesnudo.com.mx\/index.php\/wp-json\/wp\/v2\/users\/4"}],"replies":[{"embeddable":true,"href":"https:\/\/politicosaldesnudo.com.mx\/index.php\/wp-json\/wp\/v2\/comments?post=67145"}],"version-history":[{"count":0,"href":"https:\/\/politicosaldesnudo.com.mx\/index.php\/wp-json\/wp\/v2\/posts\/67145\/revisions"}],"wp:featuredmedia":[{"embeddable":true,"href":"https:\/\/politicosaldesnudo.com.mx\/index.php\/wp-json\/wp\/v2\/media\/67146"}],"wp:attachment":[{"href":"https:\/\/politicosaldesnudo.com.mx\/index.php\/wp-json\/wp\/v2\/media?parent=67145"}],"wp:term":[{"taxonomy":"category","embeddable":true,"href":"https:\/\/politicosaldesnudo.com.mx\/index.php\/wp-json\/wp\/v2\/categories?post=67145"},{"taxonomy":"post_tag","embeddable":true,"href":"https:\/\/politicosaldesnudo.com.mx\/index.php\/wp-json\/wp\/v2\/tags?post=67145"}],"curies":[{"name":"wp","href":"https:\/\/api.w.org\/{rel}","templated":true}]}}