{"id":67160,"date":"2025-07-19T00:08:20","date_gmt":"2025-07-19T06:08:20","guid":{"rendered":"https:\/\/politicosaldesnudo.com.mx\/?p=67160"},"modified":"2025-07-18T22:46:29","modified_gmt":"2025-07-19T04:46:29","slug":"se-pondran-en-marcha-herramientas-digitales-para-envio-de-remesas-desde-eu-sheinbaum","status":"publish","type":"post","link":"https:\/\/politicosaldesnudo.com.mx\/index.php\/2025\/07\/19\/se-pondran-en-marcha-herramientas-digitales-para-envio-de-remesas-desde-eu-sheinbaum\/","title":{"rendered":"Se pondr\u00e1n en marcha herramientas digitales para env\u00edo de remesas desde EU: Sheinbaum"},"content":{"rendered":"<p>La presidenta Claudia Sheinbaum Pardo anunci\u00f3 este viernes en su conferencia de prensa matutina que el gobierno federal pondr\u00e1 en marcha nuevas herramientas digitales para facilitar el env\u00edo de remesas desde Estados Unidos, adem\u00e1s de consolidar un modelo digital e integral de atenci\u00f3n consular para los mexicanos en el extranjero.<\/p>\n<p>Sheinbaum destac\u00f3 que, ante la entrada en vigor el pr\u00f3ximo 1 de enero de un impuesto del 1 por ciento a los dep\u00f3sitos en efectivo en EEUU, su gobierno se adelant\u00f3 con un sistema de transferencia electr\u00f3nica a trav\u00e9s de Financiera para el Bienestar, que ahora permitir\u00e1 enviar remesas de forma m\u00e1s barata y segura, con una comisi\u00f3n que bajar\u00e1 de 3.99 a 2.99 d\u00f3lares por operaci\u00f3n a partir de ma\u00f1ana.<\/p>\n<p>Roc\u00edo Mej\u00eda, directora general de Financiera para el Bienestar, explic\u00f3 que la tarjeta \u201cBienestar Paisano\u201d \u2014que ya ha sido utilizada por m\u00e1s de 30 mil personas y ha canalizado m\u00e1s de 20 millones de d\u00f3lares en remesas\u2014 puede solicitarse en cualquiera de los 53 consulados de M\u00e9xico en Estados Unidos o a trav\u00e9s de los portales\u00a0<a target=\"_blank\" rel=\"noopener nofollow noreferrer\">finabien.gob.mx<\/a>\u00a0y\u00a0<a target=\"_blank\" rel=\"noopener nofollow noreferrer\">miconsulado.sre.gob.mx<\/a>. Esta tarjeta otorga tambi\u00e9n una cuenta bancaria en EEUU, lo que facilita la recepci\u00f3n de pagos de n\u00f3mina o dep\u00f3sitos en tiendas y establecimientos comerciales.<\/p>\n<p>\u201cEl env\u00edo de remesas no es solo una transacci\u00f3n econ\u00f3mica, es un acto de amor que mantiene unidos a millones de familias\u201d, dijo Mej\u00eda.<\/p>\n<p>En la misma conferencia, el canciller Juan Ram\u00f3n de la Fuente anunci\u00f3 que se ha completado la digitalizaci\u00f3n y simplificaci\u00f3n del 100 por ciento de los tr\u00e1mites consulares, incluidos los de registro civil, documentaci\u00f3n, fe p\u00fablica y asistencia a connacionales, a trav\u00e9s del nuevo portal Mi Consulado. Subray\u00f3 que se ha eliminado el \u201ccoyotaje\u201d en el sistema de citas consulares y que ahora existe una ventanilla \u00fanica virtual, as\u00ed como un modelo de atenci\u00f3n consular estandarizado, publicado ya en el Diario Oficial de la Federaci\u00f3n.<\/p>\n<p>De la Fuente tambi\u00e9n inform\u00f3 sobre la modernizaci\u00f3n del tr\u00e1mite de homenaje dom\u00e9stico \u2014el ingreso libre de pertenencias al regresar a M\u00e9xico\u2014, que ahora ser\u00e1 totalmente gratuito, digital y sin necesidad de agentes aduanales, resolvi\u00e9ndose en tan solo un d\u00eda.<\/p>\n<p>Jos\u00e9 Antonio Pe\u00f1a Merino, titular de la Agencia de Transformaci\u00f3n Digital y Telecomunicaciones, detall\u00f3 que el nuevo sistema para el homenaje ya opera desde el portal\u00a0<a target=\"_blank\" rel=\"noopener nofollow noreferrer\">miconsulado.sre.gob.mx<\/a>, permitiendo a los migrantes registrar sus pertenencias en l\u00ednea y obtener la validaci\u00f3n del Instituto Nacional de Migraci\u00f3n de forma inmediata. \u201cEsto representa un ahorro importante de tiempo y dinero para quienes regresan despu\u00e9s de a\u00f1os de trabajo\u201d, dijo.<\/p>\n<p>La presidenta Sheinbaum afirm\u00f3 que su administraci\u00f3n seguir\u00e1 fortaleciendo los servicios a los mexicanos en el extranjero.<\/p>\n","protected":false},"excerpt":{"rendered":"<p>La presidenta Claudia Sheinbaum Pardo anunci\u00f3 este viernes en su conferencia de prensa matutina que el gobierno federal pondr\u00e1 en<\/p>\n","protected":false},"author":4,"featured_media":67161,"comment_status":"closed","ping_status":"closed","sticky":false,"template":"","format":"standard","meta":{"colormag_page_container_layout":"default_layout","colormag_page_sidebar_layout":"default_layout","_jetpack_memberships_contains_paid_content":false,"footnotes":"","jetpack_publicize_message":"","jetpack_publicize_feature_enabled":true,"jetpack_social_post_already_shared":true,"jetpack_social_options":{"image_generator_settings":{"template":"highway","default_image_id":0,"font":"","enabled":false},"version":2}},"categories":[33],"tags":[],"class_list":["post-67160","post","type-post","status-publish","format-standard","has-post-thumbnail","hentry","category-nacional"],"jetpack_publicize_connections":[],"jetpack_featured_media_url":"https:\/\/i0.wp.com\/politicosaldesnudo.com.mx\/wp-content\/uploads\/2025\/07\/FAN.jpg?fit=709%2C509&ssl=1","jetpack-related-posts":[],"jetpack_sharing_enabled":true,"_links":{"self":[{"href":"https:\/\/politicosaldesnudo.com.mx\/index.php\/wp-json\/wp\/v2\/posts\/67160","targetHints":{"allow":["GET"]}}],"collection":[{"href":"https:\/\/politicosaldesnudo.com.mx\/index.php\/wp-json\/wp\/v2\/posts"}],"about":[{"href":"https:\/\/politicosaldesnudo.com.mx\/index.php\/wp-json\/wp\/v2\/types\/post"}],"author":[{"embeddable":true,"href":"https:\/\/politicosaldesnudo.com.mx\/index.php\/wp-json\/wp\/v2\/users\/4"}],"replies":[{"embeddable":true,"href":"https:\/\/politicosaldesnudo.com.mx\/index.php\/wp-json\/wp\/v2\/comments?post=67160"}],"version-history":[{"count":0,"href":"https:\/\/politicosaldesnudo.com.mx\/index.php\/wp-json\/wp\/v2\/posts\/67160\/revisions"}],"wp:featuredmedia":[{"embeddable":true,"href":"https:\/\/politicosaldesnudo.com.mx\/index.php\/wp-json\/wp\/v2\/media\/67161"}],"wp:attachment":[{"href":"https:\/\/politicosaldesnudo.com.mx\/index.php\/wp-json\/wp\/v2\/media?parent=67160"}],"wp:term":[{"taxonomy":"category","embeddable":true,"href":"https:\/\/politicosaldesnudo.com.mx\/index.php\/wp-json\/wp\/v2\/categories?post=67160"},{"taxonomy":"post_tag","embeddable":true,"href":"https:\/\/politicosaldesnudo.com.mx\/index.php\/wp-json\/wp\/v2\/tags?post=67160"}],"curies":[{"name":"wp","href":"https:\/\/api.w.org\/{rel}","templated":true}]}}