{"id":67163,"date":"2025-07-19T00:09:28","date_gmt":"2025-07-19T06:09:28","guid":{"rendered":"https:\/\/politicosaldesnudo.com.mx\/?p=67163"},"modified":"2025-07-18T22:56:05","modified_gmt":"2025-07-19T04:56:05","slug":"sict-inicia-operativo-por-vacaciones-de-verano","status":"publish","type":"post","link":"https:\/\/politicosaldesnudo.com.mx\/index.php\/2025\/07\/19\/sict-inicia-operativo-por-vacaciones-de-verano\/","title":{"rendered":"SICT inicia operativo por vacaciones de verano"},"content":{"rendered":"<p class=\"nota-justify\">El Gobierno de M\u00e9xico inici\u00f3 el Operativo Carretero Vacaciones de Verano 2025, el cual busca prevenir y reducir el n\u00famero de accidentes e incidentes en carreteras federales.<\/p>\n<p class=\"nota-justify\">Tania Carro Toledo, subsecretaria de Comunicaciones y Transportes, indic\u00f3 que del 18 de julio al 31 de agosto la Secretar\u00eda de Infraestructura, Comunicaciones y Transportes (SICT), Caminos y Puentes Federales (CAPUFE) y la Guardia Nacional (GN), realizar\u00e1n diversas acciones en carreteras federales, terminales de autobuses y centros tur\u00edsticos.<\/p>\n<p class=\"nota-justify\">La dependencia realizar\u00e1 ex\u00e1menes m\u00e9dicos rigurosos a los operadores del autotransporte federal, que incluyen la detecci\u00f3n de signos de cansancio, reflejos, coordinaci\u00f3n psicomotriz y pruebas para descartar consumo de alcohol o sustancias.<\/p>\n<p class=\"nota-justify\">La subsecretaria se\u00f1al\u00f3 que, como cada a\u00f1o, la SICT intensificar\u00e1 sus acciones en puntos de revisi\u00f3n distribuidos en todo el pa\u00eds, as\u00ed como en las principales centrales de pasajeros.<\/p>\n<p class=\"nota-justify\">Adem\u00e1s, se verificar\u00e1 que las unidades cumplan con las normas de Peso, Dimensiones y Condiciones F\u00edsico-Mec\u00e1nicas, retirando de circulaci\u00f3n a aquellas que representen un riesgo.<\/p>\n<p class=\"nota-justify\">La subsecretaria de Comunicaciones y Transportes enfatiz\u00f3 que la seguridad vial es una responsabilidad compartida, por ello pidi\u00f3 a los conductores a tomar conciencia plena. \u201cRespetemos las se\u00f1ales de tr\u00e1nsito, los l\u00edmites de velocidad, identifiquemos zonas de riesgo por pendientes, curvas o condiciones clim\u00e1ticas, y, sobre todo, conduzcamos con mesura\u201d, expres\u00f3.<\/p>\n","protected":false},"excerpt":{"rendered":"<p>El Gobierno de M\u00e9xico inici\u00f3 el Operativo Carretero Vacaciones de Verano 2025, el cual busca prevenir y reducir el n\u00famero<\/p>\n","protected":false},"author":4,"featured_media":67164,"comment_status":"closed","ping_status":"closed","sticky":false,"template":"","format":"standard","meta":{"colormag_page_container_layout":"default_layout","colormag_page_sidebar_layout":"default_layout","_jetpack_memberships_contains_paid_content":false,"footnotes":"","jetpack_publicize_message":"","jetpack_publicize_feature_enabled":true,"jetpack_social_post_already_shared":true,"jetpack_social_options":{"image_generator_settings":{"template":"highway","default_image_id":0,"font":"","enabled":false},"version":2}},"categories":[2050],"tags":[],"class_list":["post-67163","post","type-post","status-publish","format-standard","has-post-thumbnail","hentry","category-economia"],"jetpack_publicize_connections":[],"jetpack_featured_media_url":"https:\/\/i0.wp.com\/politicosaldesnudo.com.mx\/wp-content\/uploads\/2025\/07\/SICTGH.jpg?fit=746%2C401&ssl=1","jetpack-related-posts":[],"jetpack_sharing_enabled":true,"_links":{"self":[{"href":"https:\/\/politicosaldesnudo.com.mx\/index.php\/wp-json\/wp\/v2\/posts\/67163","targetHints":{"allow":["GET"]}}],"collection":[{"href":"https:\/\/politicosaldesnudo.com.mx\/index.php\/wp-json\/wp\/v2\/posts"}],"about":[{"href":"https:\/\/politicosaldesnudo.com.mx\/index.php\/wp-json\/wp\/v2\/types\/post"}],"author":[{"embeddable":true,"href":"https:\/\/politicosaldesnudo.com.mx\/index.php\/wp-json\/wp\/v2\/users\/4"}],"replies":[{"embeddable":true,"href":"https:\/\/politicosaldesnudo.com.mx\/index.php\/wp-json\/wp\/v2\/comments?post=67163"}],"version-history":[{"count":0,"href":"https:\/\/politicosaldesnudo.com.mx\/index.php\/wp-json\/wp\/v2\/posts\/67163\/revisions"}],"wp:featuredmedia":[{"embeddable":true,"href":"https:\/\/politicosaldesnudo.com.mx\/index.php\/wp-json\/wp\/v2\/media\/67164"}],"wp:attachment":[{"href":"https:\/\/politicosaldesnudo.com.mx\/index.php\/wp-json\/wp\/v2\/media?parent=67163"}],"wp:term":[{"taxonomy":"category","embeddable":true,"href":"https:\/\/politicosaldesnudo.com.mx\/index.php\/wp-json\/wp\/v2\/categories?post=67163"},{"taxonomy":"post_tag","embeddable":true,"href":"https:\/\/politicosaldesnudo.com.mx\/index.php\/wp-json\/wp\/v2\/tags?post=67163"}],"curies":[{"name":"wp","href":"https:\/\/api.w.org\/{rel}","templated":true}]}}