{"id":67166,"date":"2025-07-19T00:10:49","date_gmt":"2025-07-19T06:10:49","guid":{"rendered":"https:\/\/politicosaldesnudo.com.mx\/?p=67166"},"modified":"2025-07-18T22:59:11","modified_gmt":"2025-07-19T04:59:11","slug":"fmi-advierte-que-tensiones-comerciales-enturbian-el-panorama","status":"publish","type":"post","link":"https:\/\/politicosaldesnudo.com.mx\/index.php\/2025\/07\/19\/fmi-advierte-que-tensiones-comerciales-enturbian-el-panorama\/","title":{"rendered":"FMI advierte que tensiones comerciales enturbian el panorama"},"content":{"rendered":"<p class=\"nota-justify\">El Fondo Monetario Internacional (FMI) advirti\u00f3 el viernes que los riesgos relacionados con las tensiones comerciales siguen empa\u00f1ando las perspectivas econ\u00f3micas mundiales y la incertidumbre contin\u00faa elevada, a pesar de cierto aumento del comercio y la mejora de las condiciones financieras.<\/p>\n<p class=\"nota-justify\">La primera subdirectora gerente del FMI, Gita Gopinath, dijo que el Fondo actualizar\u00eda sus previsiones mundiales m\u00e1s adelante en julio, dada la \u201cacumulaci\u00f3n previa a los aumentos arancelarios y cierta desviaci\u00f3n del comercio\u201d, junto con la mejora de las condiciones financieras y los indicios de continuos retrocesos de la inflaci\u00f3n.<\/p>\n<p class=\"nota-justify\">En abril, el FMI recort\u00f3 sus previsiones de crecimiento para Estados Unidos, China y la mayor\u00eda de los pa\u00edses, citando el impacto de los aranceles estadounidenses sobre las importaciones, ahora en m\u00e1ximos de 100 a\u00f1os, y advirtiendo de que las crecientes tensiones comerciales ralentizar\u00edan a\u00fan m\u00e1s la expansi\u00f3n econ\u00f3mica.<\/p>\n<p class=\"nota-justify\">En aquel momento, recort\u00f3 su previsi\u00f3n de crecimiento mundial en 0.5 puntos porcentuales, a 2.8 por ciento para 2025, y en 0.3 puntos porcentuales, a 3 por ciento para 2026. Los economistas esperan una ligera revisi\u00f3n al alza cuando el FMI publique una previsi\u00f3n actualizada a finales de julio.<\/p>\n<p class=\"nota-justify\">Gopinath dijo a los responsables de finanzas del Grupo de las 20 principales econom\u00edas reunidos esta semana en Sud\u00e1frica que las tensiones comerciales segu\u00edan complicando las perspectivas econ\u00f3micas.<\/p>\n<p class=\"nota-justify\">\u201cAunque actualizaremos nuestras previsiones globales a finales de julio, los riesgos a la baja siguen dominando las perspectivas y la incertidumbre sigue siendo elevada\u201d, afirm\u00f3, en un texto.<\/p>\n<p class=\"nota-justify\">Gopinath inst\u00f3 a los pa\u00edses a resolver las tensiones comerciales y a aplicar cambios pol\u00edticos para corregir los desequilibrios internos subyacentes, incluida la reducci\u00f3n de los gastos fiscales y el encauzamiento sostenible de la deuda.<\/p>\n<p class=\"nota-justify\">Gopinath tambi\u00e9n subray\u00f3 la necesidad de que los responsables de la pol\u00edtica monetaria calibren cuidadosamente sus decisiones en funci\u00f3n de las circunstancias espec\u00edficas de sus pa\u00edses, e insisti\u00f3 en la necesidad de proteger la independencia de los bancos centrales. Este fue un tema clave en el comunicado del G20 publicado por los responsables de finanzas.<\/p>\n<p class=\"nota-justify\">Gopinath afirm\u00f3 que los flujos de capital hacia los mercados emergentes y las econom\u00edas en desarrollo segu\u00edan siendo lentos, pero resistentes, ante el aumento de la incertidumbre pol\u00edtica y la volatilidad de los mercados. Para muchos prestatarios, las condiciones de financiamiento siguieron siendo dif\u00edciles.<\/p>\n<p class=\"nota-justify\">Para los pa\u00edses con una deuda insostenible, es esencial tomar medidas proactivas, dijo Gopinath, repitiendo el llamado del FMI en favor de mecanismos de reestructuraci\u00f3n de la deuda oportunos y eficaces.<\/p>\n","protected":false},"excerpt":{"rendered":"<p>El Fondo Monetario Internacional (FMI) advirti\u00f3 el viernes que los riesgos relacionados con las tensiones comerciales siguen empa\u00f1ando las perspectivas<\/p>\n","protected":false},"author":4,"featured_media":67167,"comment_status":"closed","ping_status":"closed","sticky":false,"template":"","format":"standard","meta":{"colormag_page_container_layout":"default_layout","colormag_page_sidebar_layout":"default_layout","_jetpack_memberships_contains_paid_content":false,"footnotes":"","jetpack_publicize_message":"","jetpack_publicize_feature_enabled":true,"jetpack_social_post_already_shared":true,"jetpack_social_options":{"image_generator_settings":{"template":"highway","default_image_id":0,"font":"","enabled":false},"version":2}},"categories":[2050],"tags":[],"class_list":["post-67166","post","type-post","status-publish","format-standard","has-post-thumbnail","hentry","category-economia"],"jetpack_publicize_connections":[],"jetpack_featured_media_url":"https:\/\/i0.wp.com\/politicosaldesnudo.com.mx\/wp-content\/uploads\/2025\/07\/FMI.jpg?fit=750%2C476&ssl=1","jetpack-related-posts":[],"jetpack_sharing_enabled":true,"_links":{"self":[{"href":"https:\/\/politicosaldesnudo.com.mx\/index.php\/wp-json\/wp\/v2\/posts\/67166","targetHints":{"allow":["GET"]}}],"collection":[{"href":"https:\/\/politicosaldesnudo.com.mx\/index.php\/wp-json\/wp\/v2\/posts"}],"about":[{"href":"https:\/\/politicosaldesnudo.com.mx\/index.php\/wp-json\/wp\/v2\/types\/post"}],"author":[{"embeddable":true,"href":"https:\/\/politicosaldesnudo.com.mx\/index.php\/wp-json\/wp\/v2\/users\/4"}],"replies":[{"embeddable":true,"href":"https:\/\/politicosaldesnudo.com.mx\/index.php\/wp-json\/wp\/v2\/comments?post=67166"}],"version-history":[{"count":0,"href":"https:\/\/politicosaldesnudo.com.mx\/index.php\/wp-json\/wp\/v2\/posts\/67166\/revisions"}],"wp:featuredmedia":[{"embeddable":true,"href":"https:\/\/politicosaldesnudo.com.mx\/index.php\/wp-json\/wp\/v2\/media\/67167"}],"wp:attachment":[{"href":"https:\/\/politicosaldesnudo.com.mx\/index.php\/wp-json\/wp\/v2\/media?parent=67166"}],"wp:term":[{"taxonomy":"category","embeddable":true,"href":"https:\/\/politicosaldesnudo.com.mx\/index.php\/wp-json\/wp\/v2\/categories?post=67166"},{"taxonomy":"post_tag","embeddable":true,"href":"https:\/\/politicosaldesnudo.com.mx\/index.php\/wp-json\/wp\/v2\/tags?post=67166"}],"curies":[{"name":"wp","href":"https:\/\/api.w.org\/{rel}","templated":true}]}}