{"id":67172,"date":"2025-07-19T00:12:46","date_gmt":"2025-07-19T06:12:46","guid":{"rendered":"https:\/\/politicosaldesnudo.com.mx\/?p=67172"},"modified":"2025-07-18T23:04:13","modified_gmt":"2025-07-19T05:04:13","slug":"economia-mexicana-muestra-signos-de-crecimiento-en-junio-inegi","status":"publish","type":"post","link":"https:\/\/politicosaldesnudo.com.mx\/index.php\/2025\/07\/19\/economia-mexicana-muestra-signos-de-crecimiento-en-junio-inegi\/","title":{"rendered":"Econom\u00eda mexicana muestra signos de crecimiento en junio: Inegi"},"content":{"rendered":"<p class=\"nota-justify\">La econom\u00eda mexicana habr\u00eda retomado su tendencia ascendente en junio, pues las primeras estimaciones indican que en el sexto mes mostr\u00f3 un avance de 1.3 por ciento anual, inform\u00f3 este viernes el Instituto Nacional de Estad\u00edstica y Geograf\u00eda (Inegi).<\/p>\n<p class=\"nota-justify\">De acuerdo con el Indicador Oportuno de la Actividad Econ\u00f3mica (IOAE), medici\u00f3n que anticipa la evoluci\u00f3n mensual del producto interno bruto (PIB), en el periodo de referencia se observ\u00f3 un incremento de 0.2 por ciento frente a mayo.<\/p>\n<p class=\"nota-justify\">Los datos preliminares divulgados por el Inegi muestran que la econom\u00eda mexicana habr\u00eda corregido el rumbo, despu\u00e9s de que, si bien las cifras preliminares del quinto mes mostraron un descenso de 0.3 por ciento a tasa anual, el organismo corrigi\u00f3 con un avance de 1.0 por ciento.<\/p>\n<p class=\"nota-justify\">Lo anterior ocurre despu\u00e9s de que en semanas recientes el Sistema de Indicadores C\u00edclicos (SIC) mostrara todav\u00eda posibilidades de una recesi\u00f3n econ\u00f3mica para el segundo trimestre del a\u00f1o.<\/p>\n<p class=\"nota-justify\">\u201cEl IOAE anticipa que, durante el bimestre mayo-junio, la actividad econ\u00f3mica IGAE en M\u00e9xico, apoyada tanto en la industria como en los servicios, reafirma su avance y deja atr\u00e1s el periodo de estancamiento\u201d, se\u00f1al\u00f3 Julio Santaella, ex presidente del Inegi a trav\u00e9s de cuenta en la red social X.<\/p>\n<p class=\"nota-justify\">\u201cEl IGAE gir\u00f3 en diciembre de 2024 y pas\u00f3 de una tendencia decreciente a una senda de ascenso, sustentada en avances de 0.2 por ciento en enero de 2025, 1.1 por ciento en febrero y 0.5 por ciento en abril, pese a la baja de marzo (0.2 por ciento); el IOAE anticipa que esta tendencia ascendente se consolida en mayo (0.3 por ciento) y junio (0.2 por ciento)\u201d, explic\u00f3 Santaella.<\/p>\n","protected":false},"excerpt":{"rendered":"<p>La econom\u00eda mexicana habr\u00eda retomado su tendencia ascendente en junio, pues las primeras estimaciones indican que en el sexto mes<\/p>\n","protected":false},"author":4,"featured_media":67173,"comment_status":"closed","ping_status":"closed","sticky":false,"template":"","format":"standard","meta":{"colormag_page_container_layout":"default_layout","colormag_page_sidebar_layout":"default_layout","_jetpack_memberships_contains_paid_content":false,"footnotes":"","jetpack_publicize_message":"","jetpack_publicize_feature_enabled":true,"jetpack_social_post_already_shared":true,"jetpack_social_options":{"image_generator_settings":{"template":"highway","default_image_id":0,"font":"","enabled":false},"version":2}},"categories":[2050],"tags":[],"class_list":["post-67172","post","type-post","status-publish","format-standard","has-post-thumbnail","hentry","category-economia"],"jetpack_publicize_connections":[],"jetpack_featured_media_url":"https:\/\/i0.wp.com\/politicosaldesnudo.com.mx\/wp-content\/uploads\/2025\/07\/CREN.jpg?fit=758%2C532&ssl=1","jetpack-related-posts":[],"jetpack_sharing_enabled":true,"_links":{"self":[{"href":"https:\/\/politicosaldesnudo.com.mx\/index.php\/wp-json\/wp\/v2\/posts\/67172","targetHints":{"allow":["GET"]}}],"collection":[{"href":"https:\/\/politicosaldesnudo.com.mx\/index.php\/wp-json\/wp\/v2\/posts"}],"about":[{"href":"https:\/\/politicosaldesnudo.com.mx\/index.php\/wp-json\/wp\/v2\/types\/post"}],"author":[{"embeddable":true,"href":"https:\/\/politicosaldesnudo.com.mx\/index.php\/wp-json\/wp\/v2\/users\/4"}],"replies":[{"embeddable":true,"href":"https:\/\/politicosaldesnudo.com.mx\/index.php\/wp-json\/wp\/v2\/comments?post=67172"}],"version-history":[{"count":0,"href":"https:\/\/politicosaldesnudo.com.mx\/index.php\/wp-json\/wp\/v2\/posts\/67172\/revisions"}],"wp:featuredmedia":[{"embeddable":true,"href":"https:\/\/politicosaldesnudo.com.mx\/index.php\/wp-json\/wp\/v2\/media\/67173"}],"wp:attachment":[{"href":"https:\/\/politicosaldesnudo.com.mx\/index.php\/wp-json\/wp\/v2\/media?parent=67172"}],"wp:term":[{"taxonomy":"category","embeddable":true,"href":"https:\/\/politicosaldesnudo.com.mx\/index.php\/wp-json\/wp\/v2\/categories?post=67172"},{"taxonomy":"post_tag","embeddable":true,"href":"https:\/\/politicosaldesnudo.com.mx\/index.php\/wp-json\/wp\/v2\/tags?post=67172"}],"curies":[{"name":"wp","href":"https:\/\/api.w.org\/{rel}","templated":true}]}}