{"id":67181,"date":"2025-07-19T00:15:47","date_gmt":"2025-07-19T06:15:47","guid":{"rendered":"https:\/\/politicosaldesnudo.com.mx\/?p=67181"},"modified":"2025-07-18T23:11:57","modified_gmt":"2025-07-19T05:11:57","slug":"la-sociedad-esta-esperando-mucho-de-nosotros-hugo-aguilar-a-togados-de-michoacan","status":"publish","type":"post","link":"https:\/\/politicosaldesnudo.com.mx\/index.php\/2025\/07\/19\/la-sociedad-esta-esperando-mucho-de-nosotros-hugo-aguilar-a-togados-de-michoacan\/","title":{"rendered":"\u00abLa sociedad est\u00e1 esperando mucho de nosotros\u00bb: Hugo Aguilar a togados de Michoac\u00e1n"},"content":{"rendered":"<p>El presidente electo de la Suprema Corte de Justicia de la Naci\u00f3n (SCJN), Hugo Aguilar Ortiz, se reuni\u00f3 en P\u00e1tzcuaro con el gobernador Alfredo Ram\u00edrez Bedolla as\u00ed como con virtuales magistradas, magistrados, juezas y jueces federales y estatales.<\/p>\n<p>\u201cLa sociedad est\u00e1 esperando mucho de nosotros\u201d, expres\u00f3 el magistrado presidente electo, quien recorre las entidades del pa\u00eds para hacer un llamado a actuar con prudencia, inteligencia y mesura en la responsabilidad que est\u00e1n por desempe\u00f1ar, al se\u00f1alar que se requiere de un Poder Judicial fuerte y al servicio de la sociedad.<\/p>\n<p>Asimismo, dese\u00f3 \u00e9xito a las magistradas, magistrados, juezas y jueces federales y estatales electos, tras ganar la confianza de la ciudadan\u00eda en los comicios del 1 de junio, y a quienes invit\u00f3 a trabajar para saldar la deuda que existe con los sectores vulnerables del pa\u00eds en materia de justicia.<\/p>\n<p>Ram\u00edrez Bedolla felicit\u00f3 a Aguilar Ortiz, el primer ind\u00edgena que presidir\u00e1 la SCJN, a partir del pr\u00f3ximo 1 de septiembre, a quien le manifest\u00f3 que cuenta con el gobierno estatal para contribuir a que M\u00e9xico y Michoac\u00e1n alcancen los niveles de justicia que demandan los tiempos actuales.<\/p>\n","protected":false},"excerpt":{"rendered":"<p>El presidente electo de la Suprema Corte de Justicia de la Naci\u00f3n (SCJN), Hugo Aguilar Ortiz, se reuni\u00f3 en P\u00e1tzcuaro<\/p>\n","protected":false},"author":4,"featured_media":67182,"comment_status":"closed","ping_status":"closed","sticky":false,"template":"","format":"standard","meta":{"colormag_page_container_layout":"default_layout","colormag_page_sidebar_layout":"default_layout","_jetpack_memberships_contains_paid_content":false,"footnotes":"","jetpack_publicize_message":"","jetpack_publicize_feature_enabled":true,"jetpack_social_post_already_shared":true,"jetpack_social_options":{"image_generator_settings":{"template":"highway","default_image_id":0,"font":"","enabled":false},"version":2}},"categories":[30],"tags":[],"class_list":["post-67181","post","type-post","status-publish","format-standard","has-post-thumbnail","hentry","category-estados"],"jetpack_publicize_connections":[],"jetpack_featured_media_url":"https:\/\/i0.wp.com\/politicosaldesnudo.com.mx\/wp-content\/uploads\/2025\/07\/TOG.jpg?fit=777%2C498&ssl=1","jetpack-related-posts":[],"jetpack_sharing_enabled":true,"_links":{"self":[{"href":"https:\/\/politicosaldesnudo.com.mx\/index.php\/wp-json\/wp\/v2\/posts\/67181","targetHints":{"allow":["GET"]}}],"collection":[{"href":"https:\/\/politicosaldesnudo.com.mx\/index.php\/wp-json\/wp\/v2\/posts"}],"about":[{"href":"https:\/\/politicosaldesnudo.com.mx\/index.php\/wp-json\/wp\/v2\/types\/post"}],"author":[{"embeddable":true,"href":"https:\/\/politicosaldesnudo.com.mx\/index.php\/wp-json\/wp\/v2\/users\/4"}],"replies":[{"embeddable":true,"href":"https:\/\/politicosaldesnudo.com.mx\/index.php\/wp-json\/wp\/v2\/comments?post=67181"}],"version-history":[{"count":0,"href":"https:\/\/politicosaldesnudo.com.mx\/index.php\/wp-json\/wp\/v2\/posts\/67181\/revisions"}],"wp:featuredmedia":[{"embeddable":true,"href":"https:\/\/politicosaldesnudo.com.mx\/index.php\/wp-json\/wp\/v2\/media\/67182"}],"wp:attachment":[{"href":"https:\/\/politicosaldesnudo.com.mx\/index.php\/wp-json\/wp\/v2\/media?parent=67181"}],"wp:term":[{"taxonomy":"category","embeddable":true,"href":"https:\/\/politicosaldesnudo.com.mx\/index.php\/wp-json\/wp\/v2\/categories?post=67181"},{"taxonomy":"post_tag","embeddable":true,"href":"https:\/\/politicosaldesnudo.com.mx\/index.php\/wp-json\/wp\/v2\/tags?post=67181"}],"curies":[{"name":"wp","href":"https:\/\/api.w.org\/{rel}","templated":true}]}}