{"id":67196,"date":"2025-07-19T00:20:59","date_gmt":"2025-07-19T06:20:59","guid":{"rendered":"https:\/\/politicosaldesnudo.com.mx\/?p=67196"},"modified":"2025-07-18T23:25:19","modified_gmt":"2025-07-19T05:25:19","slug":"el-papa-habla-con-netanyahu-pide-un-alto-el-fuego-en-gaza","status":"publish","type":"post","link":"https:\/\/politicosaldesnudo.com.mx\/index.php\/2025\/07\/19\/el-papa-habla-con-netanyahu-pide-un-alto-el-fuego-en-gaza\/","title":{"rendered":"El Papa habla con Netanyahu; pide un alto el fuego en Gaza"},"content":{"rendered":"<p class=\"nota-justify\">El papa Le\u00f3n XIV y el primer ministro de Israel, Benjamin Netanyahu, hablaron este viernes por tel\u00e9fono, al d\u00eda siguiente de que tres personas murieran y varias resultaran heridas en un ataque israel\u00ed a la \u00fanica iglesia cat\u00f3lica en la Franja de Gaza, indic\u00f3 el Vaticano.<\/p>\n<p class=\"nota-justify\">En la conversaci\u00f3n, el pont\u00edfice \u00abrenov\u00f3 su llamamiento a redinamizar las negociaciones, con el objetivo de lograr un alto el fuego y poner fin a la guerra\u00bb.<\/p>\n<p class=\"nota-justify\">En el ataque result\u00f3 herido el p\u00e1rroco argentino Gabriel Romanelli.<\/p>\n<p class=\"nota-justify\">Le\u00f3n XIV manifest\u00f3 adem\u00e1s su \u00abpreocupaci\u00f3n ante la situaci\u00f3n humanitaria dram\u00e1tica de la poblaci\u00f3n de Gaza\u00bb, se\u00f1al\u00f3 la Santa Sede.<\/p>\n<p class=\"nota-justify\">Netanyahu anunci\u00f3 que Israel investiga el incidente y expres\u00f3 que el pa\u00eds \u00ablamenta profundamente\u00bb el bombardeo, que afirm\u00f3 fue un error.<\/p>\n<p class=\"nota-justify\">Los dos m\u00e1s altos dignatarios cristianos de Jerusal\u00e9n, el patriarca latino cat\u00f3lico de Jerusal\u00e9n, Pierbattista Pizzaballa, y su hom\u00f3logo ortodoxo griego, Te\u00f3filo III, se desplazaron este viernes a la Franja de Gaza, un territorio arrasado despu\u00e9s de m\u00e1s de 21 meses de guerra entre Israel y el movimiento islamista Ham\u00e1s.<\/p>\n<p><strong>Papa pide a Netanyahu proteger lugares de culto tras el ataque a una iglesia en Gaza\u00a0<\/strong><\/p>\n<p class=\"nota-justify\">El Papa Le\u00f3n XIV pidi\u00f3 al primer ministro israel\u00ed, Benjam\u00edn Netanyahu, la protecci\u00f3n de lugares de culto, as\u00ed como de fieles y de todas las personas en Palestina e Israel; tras el ataque de este jueves a la Sagrada Familia de Gaza, al tiempo que exigi\u00f3 el fin del conflicto.<\/p>\n<p class=\"nota-justify\">Seg\u00fan inform\u00f3 la Oficina de Prensa de la Santa Sede, el Santo Padre recibi\u00f3 en la ma\u00f1ana de este viernes, en la residencia de Castel Gandolfo, una llamada telef\u00f3nica del primer ministro de Israel a ra\u00edz del ataque militar que realiz\u00f3 el jueves el ej\u00e9rcito israel\u00ed que alcanz\u00f3 la iglesia de la Sagrada Familia en Gaza, causando la muerte de tres personas y varios heridos, algunos de ellos de gravedad.<\/p>\n<p class=\"nota-justify\">Durante la conversaci\u00f3n, Le\u00f3n XIV insisti\u00f3 en la necesidad de reimpulsar los esfuerzos de negociaci\u00f3n, con el objetivo de alcanzar un alto el fuego y poner fin al conflicto. Reiter\u00f3 tambi\u00e9n su profunda preocupaci\u00f3n por la dram\u00e1tica situaci\u00f3n humanitaria que vive la poblaci\u00f3n en Gaza, cuyo sufrimiento recae especialmente sobre los ni\u00f1os, los ancianos y los enfermos.<\/p>\n","protected":false},"excerpt":{"rendered":"<p>El papa Le\u00f3n XIV y el primer ministro de Israel, Benjamin Netanyahu, hablaron este viernes por tel\u00e9fono, al d\u00eda siguiente<\/p>\n","protected":false},"author":4,"featured_media":67197,"comment_status":"closed","ping_status":"closed","sticky":false,"template":"","format":"standard","meta":{"colormag_page_container_layout":"default_layout","colormag_page_sidebar_layout":"default_layout","_jetpack_memberships_contains_paid_content":false,"footnotes":"","jetpack_publicize_message":"","jetpack_publicize_feature_enabled":true,"jetpack_social_post_already_shared":true,"jetpack_social_options":{"image_generator_settings":{"template":"highway","default_image_id":0,"font":"","enabled":false},"version":2}},"categories":[28],"tags":[],"class_list":["post-67196","post","type-post","status-publish","format-standard","has-post-thumbnail","hentry","category-internacional"],"jetpack_publicize_connections":[],"jetpack_featured_media_url":"https:\/\/i0.wp.com\/politicosaldesnudo.com.mx\/wp-content\/uploads\/2025\/07\/MADSS.jpg?fit=770%2C491&ssl=1","jetpack-related-posts":[],"jetpack_sharing_enabled":true,"_links":{"self":[{"href":"https:\/\/politicosaldesnudo.com.mx\/index.php\/wp-json\/wp\/v2\/posts\/67196","targetHints":{"allow":["GET"]}}],"collection":[{"href":"https:\/\/politicosaldesnudo.com.mx\/index.php\/wp-json\/wp\/v2\/posts"}],"about":[{"href":"https:\/\/politicosaldesnudo.com.mx\/index.php\/wp-json\/wp\/v2\/types\/post"}],"author":[{"embeddable":true,"href":"https:\/\/politicosaldesnudo.com.mx\/index.php\/wp-json\/wp\/v2\/users\/4"}],"replies":[{"embeddable":true,"href":"https:\/\/politicosaldesnudo.com.mx\/index.php\/wp-json\/wp\/v2\/comments?post=67196"}],"version-history":[{"count":0,"href":"https:\/\/politicosaldesnudo.com.mx\/index.php\/wp-json\/wp\/v2\/posts\/67196\/revisions"}],"wp:featuredmedia":[{"embeddable":true,"href":"https:\/\/politicosaldesnudo.com.mx\/index.php\/wp-json\/wp\/v2\/media\/67197"}],"wp:attachment":[{"href":"https:\/\/politicosaldesnudo.com.mx\/index.php\/wp-json\/wp\/v2\/media?parent=67196"}],"wp:term":[{"taxonomy":"category","embeddable":true,"href":"https:\/\/politicosaldesnudo.com.mx\/index.php\/wp-json\/wp\/v2\/categories?post=67196"},{"taxonomy":"post_tag","embeddable":true,"href":"https:\/\/politicosaldesnudo.com.mx\/index.php\/wp-json\/wp\/v2\/tags?post=67196"}],"curies":[{"name":"wp","href":"https:\/\/api.w.org\/{rel}","templated":true}]}}