{"id":67293,"date":"2025-07-21T01:03:43","date_gmt":"2025-07-21T07:03:43","guid":{"rendered":"https:\/\/politicosaldesnudo.com.mx\/?p=67293"},"modified":"2025-07-21T01:03:43","modified_gmt":"2025-07-21T07:03:43","slug":"por-la-verdadera-expresion-en-libertad","status":"publish","type":"post","link":"https:\/\/politicosaldesnudo.com.mx\/index.php\/2025\/07\/21\/por-la-verdadera-expresion-en-libertad\/","title":{"rendered":"Por la verdadera expresi\u00f3n en libertad"},"content":{"rendered":"<p><span style=\"font-family: arial, helvetica, sans-serif; font-size: 18pt;\"><strong>ALMA GRANDE<\/strong><\/span><\/p>\n<p><span style=\"font-family: arial, helvetica, sans-serif; font-size: 18pt;\"><strong>Por \u00c1ngel \u00c1lvaro Pe\u00f1a*<\/strong><\/span><\/p>\n<p><span style=\"font-family: arial, helvetica, sans-serif; font-size: 14pt;\">Pareciera que de pronto la conferencia de prensa matutina en Palacio Nacional se convierte en un retroceso en el proceso evolutivo de la comunicaci\u00f3n, porque, en d\u00edas pasados asisti\u00f3 a la conferencia matutina de la Presidenta un periodista, mostrando, de manera evidente sus intereses, con una ret\u00f3rica de maestro de oratoria de secundaria pueblerina.<\/span><\/p>\n<p><span style=\"font-family: arial, helvetica, sans-serif; font-size: 14pt;\">Lo m\u00e1s reprobable no es la forma sino el fondo, porque al tomar la palabra, luego de una inexplicable infiltraci\u00f3n en la conferencia, porque su medio no cumple con los requisitos b\u00e1sicos para estar en ella y menos a\u00fan en primera fila, se\u00f1al\u00f3 que no era posible que se le otorgaran convenios a quienes hab\u00edan insultado a la presidenta y a la gobernadora de Veracruz.<\/span><\/p>\n<p><span style=\"font-family: arial, helvetica, sans-serif; font-size: 14pt;\">La libertad de expresi\u00f3n tiene los l\u00edmites de no rebasar los lineamientos de la verdad y todo insulto, adjetivo o acusaci\u00f3n debe ser comprobada con suficientes evidencias.<\/span><\/p>\n<p><span style=\"font-family: arial, helvetica, sans-serif; font-size: 14pt;\">Es decir, evaluar el destino de los convenios por publicidad como se hac\u00edan en el pasado, cuando un convenio mensual o anual implicaba silenciar al medio y comprometerlo a hablar bien de quien le pagaba, o sea el gobierno, so pena de retirarlo cuando a \u00e9ste no le gustara el contenido.<\/span><\/p>\n<p><span style=\"font-family: arial, helvetica, sans-serif; font-size: 14pt;\">El periodista de un portal poco favorecido por el p\u00fablico, llega defendiendo tesis que hace muchos a\u00f1os desaparecieron porque s\u00f3lo creaban complicidad entre los medios y el gobierno, costumbre que se convirti\u00f3 en vicio.<\/span><\/p>\n<p><span style=\"font-family: arial, helvetica, sans-serif; font-size: 14pt;\">Sin m\u00e1s pruebas que su palabra, asegura que el gobierno estatal de Veracruz otorga convenios a quienes en el pasado cuestionaron, descalificaron e insultaron las candidaturas de Claudia Sheinbaum y Roc\u00edo Nahle. Cuando lo reprobable es, adem\u00e1s del insulto, la obediencia a la mano que mece la cuna y que dict\u00f3 a los medios dar seguimiento a la guerra sucia que mantuvieron contra Roc\u00edo Nahle durante toda la campa\u00f1a y su medio, ni el periodista Ram\u00edrez Ju\u00e1rez supo, pudo o quiso desmentir.<\/span><\/p>\n<p><span style=\"font-family: arial, helvetica, sans-serif; font-size: 14pt;\">Sin embargo, no por eso los medios podr\u00edan quedar sin convenios, la cr\u00edtica es bienvenida para todo gobierno democr\u00e1tico, otorga legitimidad y sirve de contrapeso, independientemente de servir de gu\u00eda al poder para conocer lo que est\u00e1 haci\u00e9ndose mal, lo que es reprobable y deber\u00eda castigarse, es la mentira, que prolifera en los medios convencionales a lo largo y ancho del territorio nacional.<\/span><\/p>\n<p><span style=\"font-family: arial, helvetica, sans-serif; font-size: 14pt;\">En su bufonesca aparici\u00f3n en la conferencia matutina de la Presidenta, Ricardo Ram\u00edrez Ju\u00e1rez, critica a otros medios por insultar a la Presidenta, pero no se critica a \u00e9l mismo por desmentirlos con puntualidad, cuando su simple presencia en la ma\u00f1anera es un insulto, su estilo decadente, la homofobia exhibida impunemente, la misoginia exaltada, los contenidos de sus preguntas, el tiempo que ocupa en cada pregunta mostrando su insulso protagonismo, su imposici\u00f3n a robar el tiempo de los presentes, incluyendo el de la Presidenta, haberse colado sin merecer estar ah\u00ed, etc.<\/span><\/p>\n<p><span style=\"font-family: arial, helvetica, sans-serif; font-size: 14pt;\">Son algunos de las agresiones que profiri\u00f3 este ejemplar cuyo reloj se detuvo sin darse cuenta y se olvid\u00f3 de actualizarse, que dice trabajar en el portal En Privado, Veracruz, que carece del alcance suficiente en la sociedad para estar presente en esas conferencias, y que valdr\u00eda la pena conocer qui\u00e9n le permiti\u00f3 la entrada, y a cambio de qu\u00e9.<\/span><\/p>\n<p><span style=\"font-family: arial, helvetica, sans-serif; font-size: 14pt;\">Para mostrar cobertura y conocimiento sobre la problem\u00e1tica del norte de Veracruz este personaje disfrazado de periodista habla con una retorcida demagogia acerca de la construcci\u00f3n de un plantel del Polit\u00e9cnico, en Papantla, cuya obra no s\u00f3lo est\u00e1 aprobada sino que, afortunadamente est\u00e1 iniciada. Una pregunta ociosa que s\u00f3lo le sirve para completar sus 15 minutos de fama.<\/span><\/p>\n<p><span style=\"font-family: arial, helvetica, sans-serif; font-size: 14pt;\">Hay quienes aseguran que Ram\u00edrez Ju\u00e1rez es un mercenario de la informaci\u00f3n que es subsidiado por funcionarios p\u00fablicos del estado para el golpeteo interno dentro del propio gobierno, pero todav\u00eda no se muestran las evidencias.<\/span><\/p>\n<p><span style=\"font-family: arial, helvetica, sans-serif; font-size: 14pt;\">La costumbre de acallar a los medios, a trav\u00e9s del verdadero periodismo cr\u00edtico, es aplaudido por los reg\u00edmenes democr\u00e1ticos, nunca debe censurarse. Pero ante la desesperaci\u00f3n de los medios por la falta de presupuesto proveniente del gobierno confunden periodismo cr\u00edtico con extorsi\u00f3n y prefieren imponer criterios en la informaci\u00f3n que sirven de amenaza a quienes chantajean para obtener dinero. No son pocos los que llevan a cabo esta pr\u00e1ctica que debe desaparecer.<\/span><\/p>\n<p><span style=\"font-family: arial, helvetica, sans-serif; font-size: 14pt;\">La mentira en el periodismo y la especulaci\u00f3n, deben ser castigados, y situaciones como la que se suscit\u00f3 al final de la ma\u00f1anera del 18 de julio no deber\u00e1 repetirse porque pareciera que nada ha cambiado en la relaci\u00f3n entre gobierno y medios, cuando es precisamente producto del cambio lo que desespera a personajes como Ram\u00edrez Ju\u00e1rez, por no obtener convenios que asegura, sin evidencias, que le dan a otros. A pesar de que resulta demasiado f\u00e1cil consultar los gastos de la administraci\u00f3n p\u00fablica estatal, la transparencia del gobierno est\u00e1 abierta para informar si se han otorgado convenios, a qui\u00e9nes y por cu\u00e1nto dinero, este sujeto, fue incapaz de informar con datos precisos, monto y beneficiarios, porque sus argumentos est\u00e1n m\u00e1s cerca de la fantas\u00eda que de la realidad.<\/span><\/p>\n<p><span style=\"font-family: arial, helvetica, sans-serif; font-size: 14pt;\">Su intervenci\u00f3n era llamar la atenci\u00f3n para que \u00e9l s\u00ed tenga convenios de publicidad, a nivel federal y estatal, pero su intervenci\u00f3n apenas produjo una respuesta de ocho palabras de la Presidenta: \u201cEstoy a favor de la libertad de expresi\u00f3n\u201d, quien advirti\u00f3 la servil autocensura de su interlocutor si se le otorgara un convenio en el futuro.<\/span><\/p>\n<p><span style=\"font-family: arial, helvetica, sans-serif; font-size: 14pt;\">La encargada de seleccionar a los medios y sus trabajadores, est\u00e1 ausente en estos d\u00edas, es por ello que a algunos que suplieron su labor, se les col\u00f3 esta persona que nunca m\u00e1s deber\u00eda entrar, ni publicar nada, porque su visi\u00f3n del periodismo deber\u00eda ser sancionada y no aplaudida.<\/span><\/p>\n<p><span style=\"font-family: arial, helvetica, sans-serif; font-size: 14pt;\"><strong>PEGA Y CORRE.-<\/strong> La c\u00fapula de Morena pidi\u00f3 a la militancia, evitar las fracturas. El presidente del Consejo Nacional, Alfonso Durazo, conmin\u00f3 en la celebraci\u00f3n del Consejo Nacional VIII sesi\u00f3n extraordinaria, a no generar conflictos y tomar en cuenta que pueden ser aprovechados, por la oposici\u00f3n, para generar crisis, \u201cas\u00ed sea artificial\u201d. O sea que la autocr\u00edtica queda pendiente\u2026Esta columna se publica los lunes, mi\u00e9rcoles y viernes.<\/span><\/p>\n<p>&nbsp;<\/p>\n<p><span style=\"font-family: arial, helvetica, sans-serif; font-size: 14pt;\">*\u00c1ngel \u00c1lvaro Pe\u00f1a<\/span><\/p>\n<p><span style=\"font-family: arial, helvetica, sans-serif; font-size: 14pt;\">\u00a0Decano de los periodistas veracruzanos<\/span><\/p>\n<p><img data-recalc-dims=\"1\" loading=\"lazy\" decoding=\"async\" class=\"aligncenter size-full wp-image-67276\" src=\"https:\/\/i0.wp.com\/politicosaldesnudo.com.mx\/wp-content\/uploads\/2025\/07\/FIRMA-EDITORIAL-PD-5.jpg?resize=800%2C98&#038;ssl=1\" alt=\"\" width=\"800\" height=\"98\" srcset=\"https:\/\/i0.wp.com\/politicosaldesnudo.com.mx\/wp-content\/uploads\/2025\/07\/FIRMA-EDITORIAL-PD-5.jpg?w=1024&amp;ssl=1 1024w, https:\/\/i0.wp.com\/politicosaldesnudo.com.mx\/wp-content\/uploads\/2025\/07\/FIRMA-EDITORIAL-PD-5.jpg?resize=300%2C37&amp;ssl=1 300w, https:\/\/i0.wp.com\/politicosaldesnudo.com.mx\/wp-content\/uploads\/2025\/07\/FIRMA-EDITORIAL-PD-5.jpg?resize=768%2C94&amp;ssl=1 768w\" sizes=\"auto, (max-width: 800px) 100vw, 800px\" \/><\/p>\n","protected":false},"excerpt":{"rendered":"<p>ALMA GRANDE Por \u00c1ngel \u00c1lvaro Pe\u00f1a* Pareciera que de pronto la conferencia de prensa matutina en Palacio Nacional se convierte<\/p>\n","protected":false},"author":4,"featured_media":66841,"comment_status":"closed","ping_status":"closed","sticky":false,"template":"","format":"standard","meta":{"colormag_page_container_layout":"default_layout","colormag_page_sidebar_layout":"default_layout","_jetpack_memberships_contains_paid_content":false,"footnotes":"","jetpack_publicize_message":"","jetpack_publicize_feature_enabled":true,"jetpack_social_post_already_shared":true,"jetpack_social_options":{"image_generator_settings":{"template":"highway","default_image_id":0,"font":"","enabled":false},"version":2}},"categories":[26],"tags":[],"class_list":["post-67293","post","type-post","status-publish","format-standard","has-post-thumbnail","hentry","category-columnistas"],"jetpack_publicize_connections":[],"jetpack_featured_media_url":"https:\/\/i0.wp.com\/politicosaldesnudo.com.mx\/wp-content\/uploads\/2025\/07\/BANNER-LOPEZ-DORIGA-DIGITAL-1.jpg?fit=800%2C445&ssl=1","jetpack-related-posts":[],"jetpack_sharing_enabled":true,"_links":{"self":[{"href":"https:\/\/politicosaldesnudo.com.mx\/index.php\/wp-json\/wp\/v2\/posts\/67293","targetHints":{"allow":["GET"]}}],"collection":[{"href":"https:\/\/politicosaldesnudo.com.mx\/index.php\/wp-json\/wp\/v2\/posts"}],"about":[{"href":"https:\/\/politicosaldesnudo.com.mx\/index.php\/wp-json\/wp\/v2\/types\/post"}],"author":[{"embeddable":true,"href":"https:\/\/politicosaldesnudo.com.mx\/index.php\/wp-json\/wp\/v2\/users\/4"}],"replies":[{"embeddable":true,"href":"https:\/\/politicosaldesnudo.com.mx\/index.php\/wp-json\/wp\/v2\/comments?post=67293"}],"version-history":[{"count":0,"href":"https:\/\/politicosaldesnudo.com.mx\/index.php\/wp-json\/wp\/v2\/posts\/67293\/revisions"}],"wp:featuredmedia":[{"embeddable":true,"href":"https:\/\/politicosaldesnudo.com.mx\/index.php\/wp-json\/wp\/v2\/media\/66841"}],"wp:attachment":[{"href":"https:\/\/politicosaldesnudo.com.mx\/index.php\/wp-json\/wp\/v2\/media?parent=67293"}],"wp:term":[{"taxonomy":"category","embeddable":true,"href":"https:\/\/politicosaldesnudo.com.mx\/index.php\/wp-json\/wp\/v2\/categories?post=67293"},{"taxonomy":"post_tag","embeddable":true,"href":"https:\/\/politicosaldesnudo.com.mx\/index.php\/wp-json\/wp\/v2\/tags?post=67293"}],"curies":[{"name":"wp","href":"https:\/\/api.w.org\/{rel}","templated":true}]}}