{"id":67333,"date":"2025-07-22T00:14:12","date_gmt":"2025-07-22T06:14:12","guid":{"rendered":"https:\/\/politicosaldesnudo.com.mx\/?p=67333"},"modified":"2025-07-21T22:37:30","modified_gmt":"2025-07-22T04:37:30","slug":"pide-americo-villarreal-a-turistas-circular-durante-el-dia-por-carreteras-de-tamaulipas","status":"publish","type":"post","link":"https:\/\/politicosaldesnudo.com.mx\/index.php\/2025\/07\/22\/pide-americo-villarreal-a-turistas-circular-durante-el-dia-por-carreteras-de-tamaulipas\/","title":{"rendered":"Pide Am\u00e9rico Villarreal a turistas circular durante el d\u00eda por carreteras de Tamaulipas"},"content":{"rendered":"<p class=\"nota-justify\">M\u00e1s de 300 unidades de vigilancia, entre ellas veh\u00edculos blindados tipo\u00a0<i>Mamba<\/i>, recorren actualmente por el inicio del periodo vacacional de verano las principales carreteras que conducen a los destinos tur\u00edsticos de la entidad, inform\u00f3 el gobernador Am\u00e9rico Villarreal Anaya, quien pidi\u00f3 a turistas y visitantes en general circular preferentemente durante el d\u00eda por las carreteras del estado, para evitar percances viales.<\/p>\n<p class=\"nota-justify\">El mandatario solicit\u00f3 a paseantes que atiendan las recomendaciones de viajar en horas diurnas, principalmente para mejorar las condiciones de visibilidad, seguridad y tr\u00e1nsito, por la gran cantidad de tractocamiones en las carreteras.<\/p>\n<p class=\"nota-justify\">El titular del Ejecutivo estatal emiti\u00f3 su exhorto al tiempo que se refuerza la presencia de corporaciones de seguridad a lo largo de las principales rutas tur\u00edsticas, como la carretera Nacional M\u00e9xico-Laredo, en su tramo Monterrey-Victoria-Tampico, una de las v\u00edas m\u00e1s transitadas para quienes viajan desde Monterrey, Nuevo Le\u00f3n, hacia el sur del estado y en especial a la Playa Miramar. En promedio, 6 mil 200 automotores usan ese camino diariamente.<\/p>\n<p class=\"nota-justify\">Sobre la v\u00eda Federal 101 Victoria-Reynosa se registra un flujo diario de al menos 9 mil unidades. Por ello Villarreal Anaya explic\u00f3 en entrevista que existe una coordinaci\u00f3n para reducir riesgos durante la noche, especialmente con respecto a los veh\u00edculos pesados de doble remolque.<\/p>\n<p class=\"nota-justify\">\u201cProcuramos limitar el movimiento de los tractocamiones, sobre todo de doble remolque en horarios nocturnos, para que haya menos exposici\u00f3n a los veh\u00edculos ligeros de caracter\u00edstica tur\u00edstica. De todos modos tenemos la presencia de la Guardia Estatal, de los \u00c1ngeles Verdes, que circulan por nuestras carreteras federales y estatales, de igual que la Guardia Nacional, por ello si\u00e9ntanse seguros\u201d, afirm\u00f3 Am\u00e9rico Villarreal.<\/p>\n<p class=\"nota-justify\">El gobernante inform\u00f3 que durante estas vacaciones se integraron 300 unidades adicionales a las fuerzas de seguridad del estado, destinadas a la Secretar\u00eda de Seguridad P\u00fablica y a la Fiscal\u00eda General de Justicia. \u201cVan a fortalecer el \u00e1rea de la Fiscal\u00eda, del gobierno de Tamaulipas, de la Secretar\u00eda de Seguridad P\u00fablica y entre ellos tambi\u00e9n veh\u00edculos t\u00e1cticos blindados tipo\u00a0<i>Mamba<\/i>\u201d.<\/p>\n<p class=\"nota-justify\">Explic\u00f3 que estos veh\u00edculos ser\u00e1n asignados conforme a los indicadores de desempe\u00f1o y necesidades espec\u00edficas de cada regi\u00f3n del estado.<\/p>\n<p class=\"nota-justify\">Respecto a la afluencia tur\u00edstica, el gobernador morenista se\u00f1al\u00f3: \u201cLlevamos dos a\u00f1os en que se ha notado un incremento sustantivo de m\u00e1s de 2 millones 400 mil (unidades) en 2023, y 2 millones 700 mil en el 24, y esperamos superar esa marca y con toda la atenci\u00f3n a nuestros visitantes\u201d.<\/p>\n","protected":false},"excerpt":{"rendered":"<p>M\u00e1s de 300 unidades de vigilancia, entre ellas veh\u00edculos blindados tipo\u00a0Mamba, recorren actualmente por el inicio del periodo vacacional de<\/p>\n","protected":false},"author":4,"featured_media":67334,"comment_status":"closed","ping_status":"closed","sticky":false,"template":"","format":"standard","meta":{"colormag_page_container_layout":"default_layout","colormag_page_sidebar_layout":"default_layout","_jetpack_memberships_contains_paid_content":false,"footnotes":"","jetpack_publicize_message":"","jetpack_publicize_feature_enabled":true,"jetpack_social_post_already_shared":true,"jetpack_social_options":{"image_generator_settings":{"template":"highway","default_image_id":0,"font":"","enabled":false},"version":2}},"categories":[30],"tags":[],"class_list":["post-67333","post","type-post","status-publish","format-standard","has-post-thumbnail","hentry","category-estados"],"jetpack_publicize_connections":[],"jetpack_featured_media_url":"https:\/\/i0.wp.com\/politicosaldesnudo.com.mx\/wp-content\/uploads\/2025\/07\/VILL.jpg?fit=772%2C566&ssl=1","jetpack-related-posts":[],"jetpack_sharing_enabled":true,"_links":{"self":[{"href":"https:\/\/politicosaldesnudo.com.mx\/index.php\/wp-json\/wp\/v2\/posts\/67333","targetHints":{"allow":["GET"]}}],"collection":[{"href":"https:\/\/politicosaldesnudo.com.mx\/index.php\/wp-json\/wp\/v2\/posts"}],"about":[{"href":"https:\/\/politicosaldesnudo.com.mx\/index.php\/wp-json\/wp\/v2\/types\/post"}],"author":[{"embeddable":true,"href":"https:\/\/politicosaldesnudo.com.mx\/index.php\/wp-json\/wp\/v2\/users\/4"}],"replies":[{"embeddable":true,"href":"https:\/\/politicosaldesnudo.com.mx\/index.php\/wp-json\/wp\/v2\/comments?post=67333"}],"version-history":[{"count":0,"href":"https:\/\/politicosaldesnudo.com.mx\/index.php\/wp-json\/wp\/v2\/posts\/67333\/revisions"}],"wp:featuredmedia":[{"embeddable":true,"href":"https:\/\/politicosaldesnudo.com.mx\/index.php\/wp-json\/wp\/v2\/media\/67334"}],"wp:attachment":[{"href":"https:\/\/politicosaldesnudo.com.mx\/index.php\/wp-json\/wp\/v2\/media?parent=67333"}],"wp:term":[{"taxonomy":"category","embeddable":true,"href":"https:\/\/politicosaldesnudo.com.mx\/index.php\/wp-json\/wp\/v2\/categories?post=67333"},{"taxonomy":"post_tag","embeddable":true,"href":"https:\/\/politicosaldesnudo.com.mx\/index.php\/wp-json\/wp\/v2\/tags?post=67333"}],"curies":[{"name":"wp","href":"https:\/\/api.w.org\/{rel}","templated":true}]}}