{"id":67379,"date":"2025-07-23T00:07:11","date_gmt":"2025-07-23T06:07:11","guid":{"rendered":"https:\/\/politicosaldesnudo.com.mx\/?p=67379"},"modified":"2025-07-22T22:00:22","modified_gmt":"2025-07-23T04:00:22","slug":"sre-y-sader-fortalecen-cooperacion-en-favor-de-soberania-alimentaria","status":"publish","type":"post","link":"https:\/\/politicosaldesnudo.com.mx\/index.php\/2025\/07\/23\/sre-y-sader-fortalecen-cooperacion-en-favor-de-soberania-alimentaria\/","title":{"rendered":"SRE y Sader fortalecen cooperaci\u00f3n en favor de soberan\u00eda alimentaria"},"content":{"rendered":"<p class=\"nota-justify\">Las secretar\u00edas de Relaciones Exteriores (SRE) y de Agricultura y Desarrollo Rural (Sader) firmaron este martes una serie de convenios que fortalecer\u00e1n la cooperaci\u00f3n t\u00e9cnica y cient\u00edfica internacional en favor de la soberan\u00eda alimentaria y la transformaci\u00f3n del campo mexicano, en l\u00ednea con los objetivos del Plan M\u00e9xico anunciado por la presidenta Claudia Sheinbaum Pardo.<\/p>\n<p class=\"nota-justify\">En un acto celebrado en la sede de la Canciller\u00eda, el canciller Juan Ram\u00f3n de la Fuente, el secretario de Agricultura Julio Berdegu\u00e9 Sacrist\u00e1n, la directora ejecutiva de la AMEXCID, Alejandra del Moral Vela, y la directora de Ciencia e Innovaci\u00f3n del Centro Internacional de Mejoramiento de Ma\u00edz y Trigo (CIMMYT), Sarah Hearne, formalizaron un convenio marco entre la SRE y la SADER, y otro espec\u00edfico entre la AMEXCID y el CIMMYT., de acuerdo con un comunicado.<\/p>\n<p class=\"nota-justify\">De la Fuente subray\u00f3 que estos acuerdos son parte de una estrategia nacional para defender la soberan\u00eda alimentaria y proyectar a M\u00e9xico internacionalmente: \u201cApoyar a los productores del campo es una prioridad; cerrar filas entre dependencias es clave para lograrlo. Esta es una estrategia que funciona y est\u00e1 probada, con ciencia y tecnolog\u00eda como aliadas fundamentales\u201d.<\/p>\n<p class=\"nota-justify\">Por su parte, Berdegu\u00e9 Sacrist\u00e1n destac\u00f3 que la cooperaci\u00f3n internacional es esencial para enfrentar los desaf\u00edos del campo y alcanzar los objetivos trazados por el actual gobierno: \u201cLa prosperidad compartida tambi\u00e9n es la paz. Al sumar capacidades del gobierno mexicano, estamos contribuyendo al desarrollo global y a la autosuficiencia alimentaria\u201d.<\/p>\n<p class=\"nota-justify\">El convenio con el CIMMYT permitir\u00e1 poner en marcha el proyecto \u201cAvanzando hacia Sistemas Integrados de Innovaci\u00f3n Agroalimentaria en M\u00e9xico\u201d, enfocado en desarrollar capacidades t\u00e9cnicas multinivel en seis estados prioritarios: Campeche, Chiapas, Guerrero, Michoac\u00e1n, Morelos y Puebla. La iniciativa contempla acciones de formaci\u00f3n, asistencia t\u00e9cnica y transferencia de conocimientos para mejorar la resiliencia de los sistemas agroalimentarios en comunidades rurales.<\/p>\n","protected":false},"excerpt":{"rendered":"<p>Las secretar\u00edas de Relaciones Exteriores (SRE) y de Agricultura y Desarrollo Rural (Sader) firmaron este martes una serie de convenios<\/p>\n","protected":false},"author":4,"featured_media":67380,"comment_status":"closed","ping_status":"closed","sticky":false,"template":"","format":"standard","meta":{"colormag_page_container_layout":"default_layout","colormag_page_sidebar_layout":"default_layout","_jetpack_memberships_contains_paid_content":false,"footnotes":"","jetpack_publicize_message":"","jetpack_publicize_feature_enabled":true,"jetpack_social_post_already_shared":true,"jetpack_social_options":{"image_generator_settings":{"template":"highway","default_image_id":0,"font":"","enabled":false},"version":2}},"categories":[33],"tags":[],"class_list":["post-67379","post","type-post","status-publish","format-standard","has-post-thumbnail","hentry","category-nacional"],"jetpack_publicize_connections":[],"jetpack_featured_media_url":"https:\/\/i0.wp.com\/politicosaldesnudo.com.mx\/wp-content\/uploads\/2025\/07\/RUS.jpg?fit=755%2C413&ssl=1","jetpack-related-posts":[],"jetpack_sharing_enabled":true,"_links":{"self":[{"href":"https:\/\/politicosaldesnudo.com.mx\/index.php\/wp-json\/wp\/v2\/posts\/67379","targetHints":{"allow":["GET"]}}],"collection":[{"href":"https:\/\/politicosaldesnudo.com.mx\/index.php\/wp-json\/wp\/v2\/posts"}],"about":[{"href":"https:\/\/politicosaldesnudo.com.mx\/index.php\/wp-json\/wp\/v2\/types\/post"}],"author":[{"embeddable":true,"href":"https:\/\/politicosaldesnudo.com.mx\/index.php\/wp-json\/wp\/v2\/users\/4"}],"replies":[{"embeddable":true,"href":"https:\/\/politicosaldesnudo.com.mx\/index.php\/wp-json\/wp\/v2\/comments?post=67379"}],"version-history":[{"count":0,"href":"https:\/\/politicosaldesnudo.com.mx\/index.php\/wp-json\/wp\/v2\/posts\/67379\/revisions"}],"wp:featuredmedia":[{"embeddable":true,"href":"https:\/\/politicosaldesnudo.com.mx\/index.php\/wp-json\/wp\/v2\/media\/67380"}],"wp:attachment":[{"href":"https:\/\/politicosaldesnudo.com.mx\/index.php\/wp-json\/wp\/v2\/media?parent=67379"}],"wp:term":[{"taxonomy":"category","embeddable":true,"href":"https:\/\/politicosaldesnudo.com.mx\/index.php\/wp-json\/wp\/v2\/categories?post=67379"},{"taxonomy":"post_tag","embeddable":true,"href":"https:\/\/politicosaldesnudo.com.mx\/index.php\/wp-json\/wp\/v2\/tags?post=67379"}],"curies":[{"name":"wp","href":"https:\/\/api.w.org\/{rel}","templated":true}]}}