{"id":67388,"date":"2025-07-23T00:10:52","date_gmt":"2025-07-23T06:10:52","guid":{"rendered":"https:\/\/politicosaldesnudo.com.mx\/?p=67388"},"modified":"2025-07-22T22:06:12","modified_gmt":"2025-07-23T04:06:12","slug":"ante-posible-desaceleracion-coparmex-pide-medidas-urgentes","status":"publish","type":"post","link":"https:\/\/politicosaldesnudo.com.mx\/index.php\/2025\/07\/23\/ante-posible-desaceleracion-coparmex-pide-medidas-urgentes\/","title":{"rendered":"Ante posible desaceleraci\u00f3n, Coparmex pide medidas urgentes"},"content":{"rendered":"<p>Ante los signos de desaceleraci\u00f3n que muestra la econom\u00eda mexicana, la Confederaci\u00f3n Patronal de la Rep\u00fablica Mexicana (Coparmex) consider\u00f3 que es necesario \u201ctomar medidas urgentes para evitar un mayor deterioro\u201d.<\/p>\n<p>El organismo del sector privado respald\u00f3 el di\u00e1logo y la colaboraci\u00f3n que ha promovido el Gobierno de M\u00e9xico despu\u00e9s de las tensiones con Estados Unidos.<\/p>\n<p>Se\u00f1al\u00f3 que la econom\u00eda mexicana a\u00fan mantiene signos de una probable desaceleraci\u00f3n, con un deterioro en el mercado laboral, una inversi\u00f3n fija en ca\u00edda y desaf\u00edos en el consumo privado.<\/p>\n<p>Refiri\u00f3 que en los primeros meses de 2025, los principales indicadores de la actividad econ\u00f3mica comenzaron a mostrar signos claros de debilitamiento.<\/p>\n<p>Datos del Instituto Nacional de Estad\u00edstica y Geograf\u00eda (INEGI ) indican que en el primer trimestre, la econom\u00eda apenas evit\u00f3 una recesi\u00f3n t\u00e9cnica, registrando un crecimiento trimestral de 0.2 por ciento, tras una ca\u00edda de 0.7 por ciento en el cuarto trimestre de 2024.<\/p>\n<p>Las cifras del segundo trimestre sugieren cierta resiliencia, ya que el INEGI estima que en junio la actividad econ\u00f3mica creci\u00f3 0.2 por ciento mensual y 1.3 por ciento anual, logrando as\u00ed tres meses consecutivos de crecimiento.<\/p>\n<p>No obstante, las proyecciones para el resto del a\u00f1o y para 2025 ofrecen un panorama desalentador: el consenso del sector financiero estima un crecimiento cercano a 0.2 por ciento, mientras que los principales organismos internacionales pronostican entre un retroceso de entre 0.3 y 0.4 por ciento.<\/p>\n<p>\u201cLa persistente amenaza de aranceles y la inestabilidad internacional complican a\u00fan m\u00e1s la recuperaci\u00f3n, afectando la inversi\u00f3n y el crecimiento econ\u00f3mico sostenido del pa\u00eds\u201d, indic\u00f3.<\/p>\n<p>\u201cSin duda, el principal riesgo que enfrenta el pa\u00eds es la incertidumbre sobre la pol\u00edtica comercial del<\/p>\n<p>presidente Donald Trump, quien declar\u00f3 que el primero de agosto terminar\u00e1 la pausa para la implementaci\u00f3n de aranceles a diversos pa\u00edses del mundo\u201d, indic\u00f3.<\/p>\n<p>Record\u00f3 que el primer d\u00eda del octavo mes del a\u00f1o entrar\u00e1 en vigor un arancel del 30 por ciento para los bienes procedentes de M\u00e9xico, bajo el argumento de que no se han alcanzado los resultados esperados en materia de seguridad.<\/p>\n<p>Apunt\u00f3 que las exportaciones mexicanas han mostrado resiliencia a pesar de la imposici\u00f3n de aranceles a productos como el acero y el aluminio, as\u00ed como del anuncio de posibles aranceles generalizados.<\/p>\n<p>Apunt\u00f3 que si bien de enero a mayo, las exportaciones tuvieron un crecimiento del 3.4 por ciento con respecto al mismo periodo del a\u00f1o anterior, las exportaciones automotrices a Estados Unidos cayeron 9 por ciento anual.<\/p>\n<p>Coment\u00f3 que la prioridad es reactivar la inversi\u00f3n productiva, fomentar la certidumbre jur\u00eddica, garantizar la seguridad para personas y empresas, y consolidar un sector energ\u00e9tico competitivo y confiable.<\/p>\n<p>La Coparmex pidi\u00f3 a las autoridades de todos los niveles y al sector privado construir juntos una estrategia clara y coordinada que reactive a las micro, peque\u00f1as y medianas empresas, proteja la econom\u00eda formal y fortalezca la competitividad.<\/p>\n<p>\u201cSin dinamismo econ\u00f3mico no hay empleo digno ni bienestar duradero. Seguiremos impulsando pol\u00edticas centradas en el crecimiento sostenible, la legalidad y la inclusi\u00f3n, con propuestas que, desde el Modelo de Desarrollo Inclusivo, fomenten el empleo formal, eleven la productividad y garanticen el futuro de M\u00e9xico\u201d, dijo.<\/p>\n","protected":false},"excerpt":{"rendered":"<p>Ante los signos de desaceleraci\u00f3n que muestra la econom\u00eda mexicana, la Confederaci\u00f3n Patronal de la Rep\u00fablica Mexicana (Coparmex) consider\u00f3 que<\/p>\n","protected":false},"author":4,"featured_media":67389,"comment_status":"closed","ping_status":"closed","sticky":false,"template":"","format":"standard","meta":{"colormag_page_container_layout":"default_layout","colormag_page_sidebar_layout":"default_layout","_jetpack_memberships_contains_paid_content":false,"footnotes":"","jetpack_publicize_message":"","jetpack_publicize_feature_enabled":true,"jetpack_social_post_already_shared":true,"jetpack_social_options":{"image_generator_settings":{"template":"highway","default_image_id":0,"font":"","enabled":false},"version":2}},"categories":[2050],"tags":[],"class_list":["post-67388","post","type-post","status-publish","format-standard","has-post-thumbnail","hentry","category-economia"],"jetpack_publicize_connections":[],"jetpack_featured_media_url":"https:\/\/i0.wp.com\/politicosaldesnudo.com.mx\/wp-content\/uploads\/2025\/07\/DES.jpg?fit=710%2C495&ssl=1","jetpack-related-posts":[],"jetpack_sharing_enabled":true,"_links":{"self":[{"href":"https:\/\/politicosaldesnudo.com.mx\/index.php\/wp-json\/wp\/v2\/posts\/67388","targetHints":{"allow":["GET"]}}],"collection":[{"href":"https:\/\/politicosaldesnudo.com.mx\/index.php\/wp-json\/wp\/v2\/posts"}],"about":[{"href":"https:\/\/politicosaldesnudo.com.mx\/index.php\/wp-json\/wp\/v2\/types\/post"}],"author":[{"embeddable":true,"href":"https:\/\/politicosaldesnudo.com.mx\/index.php\/wp-json\/wp\/v2\/users\/4"}],"replies":[{"embeddable":true,"href":"https:\/\/politicosaldesnudo.com.mx\/index.php\/wp-json\/wp\/v2\/comments?post=67388"}],"version-history":[{"count":0,"href":"https:\/\/politicosaldesnudo.com.mx\/index.php\/wp-json\/wp\/v2\/posts\/67388\/revisions"}],"wp:featuredmedia":[{"embeddable":true,"href":"https:\/\/politicosaldesnudo.com.mx\/index.php\/wp-json\/wp\/v2\/media\/67389"}],"wp:attachment":[{"href":"https:\/\/politicosaldesnudo.com.mx\/index.php\/wp-json\/wp\/v2\/media?parent=67388"}],"wp:term":[{"taxonomy":"category","embeddable":true,"href":"https:\/\/politicosaldesnudo.com.mx\/index.php\/wp-json\/wp\/v2\/categories?post=67388"},{"taxonomy":"post_tag","embeddable":true,"href":"https:\/\/politicosaldesnudo.com.mx\/index.php\/wp-json\/wp\/v2\/tags?post=67388"}],"curies":[{"name":"wp","href":"https:\/\/api.w.org\/{rel}","templated":true}]}}