{"id":67431,"date":"2025-07-23T21:05:44","date_gmt":"2025-07-24T03:05:44","guid":{"rendered":"https:\/\/politicosaldesnudo.com.mx\/?p=67431"},"modified":"2025-07-23T21:05:44","modified_gmt":"2025-07-24T03:05:44","slug":"sobre-las-nuevas-tarifas-de-taxis-en-veracruz","status":"publish","type":"post","link":"https:\/\/politicosaldesnudo.com.mx\/index.php\/2025\/07\/23\/sobre-las-nuevas-tarifas-de-taxis-en-veracruz\/","title":{"rendered":"Sobre las Nuevas Tarifas de Taxis en Veracruz"},"content":{"rendered":"<ul>\n<li style=\"font-weight: 400;\"><strong>La falta de una pol\u00edtica p\u00fablica efectiva en el sector del transporte<\/strong><\/li>\n<li style=\"font-weight: 400;\"><strong>Los usuarios tienen derecho a un transporte accesible<\/strong><\/li>\n<li style=\"font-weight: 400;\"><strong>Se requiere establecer un di\u00e1logo abierto que incluya a todos<\/strong><\/li>\n<\/ul>\n<p style=\"font-weight: 400;\">La reciente aprobaci\u00f3n de nuevas tarifas de taxis en el estado de Veracruz ha suscitado una serie de reacciones que van desde la indignaci\u00f3n hasta el alivio. \u00bfEstamos ante un avance que busca regular y dignificar el servicio p\u00fablico, o es simplemente una medida m\u00e1s que perpet\u00faa la desigualdad y el descontento social?<\/p>\n<p style=\"font-weight: 400;\">Desde la perspectiva de Pancho L\u00f3pez el fil\u00f3sofo ateniense xalape\u00f1o, que ha vivido las vicisitudes del transporte en esta entidad, es imperativo analizar estas tarifas no solo como un ajuste econ\u00f3mico, sino como un s\u00edntoma de un problema m\u00e1s profundo: la falta de una pol\u00edtica p\u00fablica efectiva en el sector del transporte. La nueva tarifa, que incrementa en un 20% el costo de los viajes, se justifica por la necesidad de compensar el alza en los precios de los combustibles y el mantenimiento de los veh\u00edculos que se ha mantenido durante muchos a\u00f1os. Sin embargo, esta justificaci\u00f3n carece de un contexto m\u00e1s amplio que examine la precariedad laboral de los conductores y la situaci\u00f3n econ\u00f3mica de los usuarios.<\/p>\n<p style=\"font-weight: 400;\">La poblaci\u00f3n, en su mayor\u00eda de clase trabajadora, enfrenta un constante dilema: la necesidad de transporte asequible se enfrenta a una realidad de tarifas que cada vez son m\u00e1s dif\u00edciles de sostener. Seg\u00fan datos del INEGI, m\u00e1s del 40% de la poblaci\u00f3n veracruzana vive en condiciones de pobreza. En este sentido, el aumento de tarifas no solo afecta el bolsillo, sino que tambi\u00e9n repercute en la calidad de vida y en la movilidad social.<\/p>\n<p style=\"font-weight: 400;\">Las tarifas de taxis, en este contexto, deben ser entendidas como un elemento crucial en la estructura social. Si bien es cierto que los taxistas merecen un ingreso justo, tambi\u00e9n lo es que los usuarios tienen derecho a un transporte accesible. Aqu\u00ed surge la necesidad de un equilibrio que, hasta ahora, ha sido esquivo.<\/p>\n<p style=\"font-weight: 400;\">\u00bfEl cambio en las tarifas ha sido consultado adecuadamente con los usuarios.? La Ley de Transporte del Estado de Veracruz establece que cualquier modificaci\u00f3n debe ser discutida en foros abiertos a la ciudadan\u00eda. Sin embargo, este proceso ha sido opacado por la falta de transparencia y de un di\u00e1logo verdadero entre autoridades y ciudadanos. La participaci\u00f3n activa de la sociedad civil es fundamental en este tipo de decisiones, pues no se trata solo de ajustar precios, sino de construir un sistema de transporte que funcione para todos.<\/p>\n<p style=\"font-weight: 400;\">Los antecedentes de conflictos entre taxistas y servicios de transporte alternativo como Uber o Didi tambi\u00e9n son relevantes. Al aumentar las tarifas, se corre el riesgo de que los usuarios opten por plataformas m\u00e1s accesibles, lo que podr\u00eda generar un efecto colateral negativo en la econom\u00eda local y en el empleo de los taxistas tradicionales.<\/p>\n<p style=\"font-weight: 400;\">Se requiere establecer un di\u00e1logo abierto que incluya a todos los actores involucrados: taxistas, usuarios, y expertos en transporte. Adem\u00e1s, es crucial que se implementen pol\u00edticas que promuevan alternativas de movilidad y que garanticen un ingreso justo a quienes prestan este servicio. Las tarifas no deben ser solo un incremento, sino parte de un sistema que busque la equidad y la justicia social.<\/p>\n<p style=\"font-weight: 400;\">Ya se ha anunciado una modernizaci\u00f3n de los camiones urbanos para este mismo a\u00f1o en Xalapa, pero que hay con los taxis, con el servicio de combis colectivas, con las nuevas y m\u00e1s amplias rutas de transporte.<\/p>\n<p style=\"font-weight: 400;\">\u00bfD\u00f3nde est\u00e1n los tax\u00edmetros? \u00bfD\u00f3nde est\u00e1 la capacitaci\u00f3n para los conductores? \u00bfD\u00f3nde est\u00e1n los criterios t\u00e9cnicos que sustenten que ese aumento es justo y proporcional? La respuesta es sencilla: no existen. La tarifa sube, pero la calidad no mejora. Y mientras tanto, los usuarios siguen sujetos al humor, la discrecionalidad o la necesidad del conductor de turno. En ciudades como Xalapa o Veracruz puerto, el usuario tiene que \u201cnegociar\u201d el precio antes de abordar, como si se tratara de un mercado informal, no de un servicio p\u00fablico.<\/p>\n<p style=\"font-weight: 400;\">Y el problema no es nuevo. En Veracruz, el transporte p\u00fablico ha sido hist\u00f3ricamente reh\u00e9n de intereses pol\u00edticos, de concesiones entregadas como favores, de liderazgos que operan como c\u00e1rteles econ\u00f3micos disfrazados de sindicatos. Cada sexenio promete \u201cordenar el transporte\u201d, pero ninguno lo cumple. La anarqu\u00eda conviene a muchos\u2026 menos al ciudadano.<\/p>\n<p style=\"font-weight: 400;\">Las tarifas podr\u00edan subir mil veces y el problema seguir\u00eda siendo el mismo: la falta de reglas, de controles, de visi\u00f3n a largo plazo. Un sistema de transporte moderno no solo se mide por cu\u00e1nto cuesta, sino por cu\u00e1n seguro, eficiente y transparente es. Y en eso, Veracruz sigue reprobado.<\/p>\n<p style=\"font-weight: 400;\">Es tiempo de hacer las cosas de otra forma. No se trata de castigar al taxista, sino de integrar al sistema. Se necesita formalizaci\u00f3n, fiscalizaci\u00f3n y justicia tarifaria para ambos lados. La autoridad debe dejar de ser reh\u00e9n del sector y empezar a gobernar en serio: con datos, con diagn\u00f3sticos, con decisi\u00f3n.<\/p>\n<p style=\"font-weight: 400;\">Porque si el transporte p\u00fablico no sirve a la ciudadan\u00eda, \u00bfentonces para qui\u00e9n sirve?<\/p>\n<p style=\"font-weight: 400;\">Los veracruzanos merecen un transporte digno, accesible y confiable. Subir la tarifa sin subir la calidad es perpetuar el abuso. Y ya es hora de bajarse de ese taxi.<\/p>\n<p style=\"font-weight: 400;\">Las nuevas tarifas de taxis en Veracruz son un llamado a la reflexi\u00f3n sobre c\u00f3mo se gestionan los servicios p\u00fablicos en nuestro estado. La responsabilidad c\u00edvica no solo recae en los gobernantes, sino en cada uno de nosotros, que debemos exigir un transporte digno, accesible y justo. La verdadera transformaci\u00f3n social comienza con el cuestionamiento y la participaci\u00f3n activa en las decisiones que nos afectan.<\/p>\n<p><img data-recalc-dims=\"1\" loading=\"lazy\" decoding=\"async\" class=\"aligncenter size-full wp-image-67276\" src=\"https:\/\/i0.wp.com\/politicosaldesnudo.com.mx\/wp-content\/uploads\/2025\/07\/FIRMA-EDITORIAL-PD-5.jpg?resize=800%2C98&#038;ssl=1\" alt=\"\" width=\"800\" height=\"98\" srcset=\"https:\/\/i0.wp.com\/politicosaldesnudo.com.mx\/wp-content\/uploads\/2025\/07\/FIRMA-EDITORIAL-PD-5.jpg?w=1024&amp;ssl=1 1024w, https:\/\/i0.wp.com\/politicosaldesnudo.com.mx\/wp-content\/uploads\/2025\/07\/FIRMA-EDITORIAL-PD-5.jpg?resize=300%2C37&amp;ssl=1 300w, https:\/\/i0.wp.com\/politicosaldesnudo.com.mx\/wp-content\/uploads\/2025\/07\/FIRMA-EDITORIAL-PD-5.jpg?resize=768%2C94&amp;ssl=1 768w\" sizes=\"auto, (max-width: 800px) 100vw, 800px\" \/><\/p>\n","protected":false},"excerpt":{"rendered":"<p>La falta de una pol\u00edtica p\u00fablica efectiva en el sector del transporte Los usuarios tienen derecho a un transporte accesible<\/p>\n","protected":false},"author":4,"featured_media":46060,"comment_status":"closed","ping_status":"closed","sticky":false,"template":"","format":"standard","meta":{"colormag_page_container_layout":"default_layout","colormag_page_sidebar_layout":"default_layout","_jetpack_memberships_contains_paid_content":false,"footnotes":"","jetpack_publicize_message":"","jetpack_publicize_feature_enabled":true,"jetpack_social_post_already_shared":true,"jetpack_social_options":{"image_generator_settings":{"template":"highway","default_image_id":0,"font":"","enabled":false},"version":2}},"categories":[26],"tags":[],"class_list":["post-67431","post","type-post","status-publish","format-standard","has-post-thumbnail","hentry","category-columnistas"],"jetpack_publicize_connections":[],"jetpack_featured_media_url":"https:\/\/i0.wp.com\/politicosaldesnudo.com.mx\/wp-content\/uploads\/2024\/09\/CRISTIANI-2.jpg?fit=800%2C445&ssl=1","jetpack-related-posts":[],"jetpack_sharing_enabled":true,"_links":{"self":[{"href":"https:\/\/politicosaldesnudo.com.mx\/index.php\/wp-json\/wp\/v2\/posts\/67431","targetHints":{"allow":["GET"]}}],"collection":[{"href":"https:\/\/politicosaldesnudo.com.mx\/index.php\/wp-json\/wp\/v2\/posts"}],"about":[{"href":"https:\/\/politicosaldesnudo.com.mx\/index.php\/wp-json\/wp\/v2\/types\/post"}],"author":[{"embeddable":true,"href":"https:\/\/politicosaldesnudo.com.mx\/index.php\/wp-json\/wp\/v2\/users\/4"}],"replies":[{"embeddable":true,"href":"https:\/\/politicosaldesnudo.com.mx\/index.php\/wp-json\/wp\/v2\/comments?post=67431"}],"version-history":[{"count":0,"href":"https:\/\/politicosaldesnudo.com.mx\/index.php\/wp-json\/wp\/v2\/posts\/67431\/revisions"}],"wp:featuredmedia":[{"embeddable":true,"href":"https:\/\/politicosaldesnudo.com.mx\/index.php\/wp-json\/wp\/v2\/media\/46060"}],"wp:attachment":[{"href":"https:\/\/politicosaldesnudo.com.mx\/index.php\/wp-json\/wp\/v2\/media?parent=67431"}],"wp:term":[{"taxonomy":"category","embeddable":true,"href":"https:\/\/politicosaldesnudo.com.mx\/index.php\/wp-json\/wp\/v2\/categories?post=67431"},{"taxonomy":"post_tag","embeddable":true,"href":"https:\/\/politicosaldesnudo.com.mx\/index.php\/wp-json\/wp\/v2\/tags?post=67431"}],"curies":[{"name":"wp","href":"https:\/\/api.w.org\/{rel}","templated":true}]}}