{"id":67433,"date":"2025-07-23T21:08:55","date_gmt":"2025-07-24T03:08:55","guid":{"rendered":"https:\/\/politicosaldesnudo.com.mx\/?p=67433"},"modified":"2025-07-23T21:08:55","modified_gmt":"2025-07-24T03:08:55","slug":"se-entregaron-paquetes-de-pollitas-ponedoras-aves-de-postura-a-productores-de-tuxpan","status":"publish","type":"post","link":"https:\/\/politicosaldesnudo.com.mx\/index.php\/2025\/07\/23\/se-entregaron-paquetes-de-pollitas-ponedoras-aves-de-postura-a-productores-de-tuxpan\/","title":{"rendered":"Se entregaron paquetes de pollitas ponedoras (aves de postura) a productores de Tuxpan"},"content":{"rendered":"<p>\u2022 Estos apoyos son emanados de la Feria Pecuaria 2025 que impulsa SEDARPA<\/p>\n<p>Tuxpan, Ver., 23 de julio de 2025.- La Feria Pecuaria 2025 realizada por SEDARPA, la Subsecretar\u00eda de Ganader\u00eda, la Direcci\u00f3n General de Ganader\u00eda, la Subdirecci\u00f3n de Fomento Productivo Pecuario y el Ayuntamiento de Tuxpan, sigue beneficiando a productores del municipio.<\/p>\n<p><img data-recalc-dims=\"1\" loading=\"lazy\" decoding=\"async\" class=\"aligncenter size-large wp-image-67438\" src=\"https:\/\/i0.wp.com\/politicosaldesnudo.com.mx\/wp-content\/uploads\/2025\/07\/WhatsApp-Image-2025-07-23-at-12.39.16-1024x768.jpeg?resize=800%2C600&#038;ssl=1\" alt=\"\" width=\"800\" height=\"600\" srcset=\"https:\/\/i0.wp.com\/politicosaldesnudo.com.mx\/wp-content\/uploads\/2025\/07\/WhatsApp-Image-2025-07-23-at-12.39.16.jpeg?resize=1024%2C768&amp;ssl=1 1024w, https:\/\/i0.wp.com\/politicosaldesnudo.com.mx\/wp-content\/uploads\/2025\/07\/WhatsApp-Image-2025-07-23-at-12.39.16.jpeg?resize=300%2C225&amp;ssl=1 300w, https:\/\/i0.wp.com\/politicosaldesnudo.com.mx\/wp-content\/uploads\/2025\/07\/WhatsApp-Image-2025-07-23-at-12.39.16.jpeg?resize=768%2C576&amp;ssl=1 768w, https:\/\/i0.wp.com\/politicosaldesnudo.com.mx\/wp-content\/uploads\/2025\/07\/WhatsApp-Image-2025-07-23-at-12.39.16.jpeg?resize=1536%2C1152&amp;ssl=1 1536w, https:\/\/i0.wp.com\/politicosaldesnudo.com.mx\/wp-content\/uploads\/2025\/07\/WhatsApp-Image-2025-07-23-at-12.39.16.jpeg?w=1600&amp;ssl=1 1600w\" sizes=\"auto, (max-width: 800px) 100vw, 800px\" \/><\/p>\n<p>En esta ocasi\u00f3n se entregaron paquetes de pollitas ponedoras (aves de postura) a 38 productores de Tronconal, Cruz Naranjos, Monte Grande, Sabanillas, Chacoaco, Pa\u00edses Bajos, Macuilt\u00e9petl, Puente Don Diego, El Coyol, Santiago de la Pe\u00f1a, Banco de Calichar y El Muro, entre otras.<\/p>\n<p><img data-recalc-dims=\"1\" loading=\"lazy\" decoding=\"async\" class=\"aligncenter size-large wp-image-67437\" src=\"https:\/\/i0.wp.com\/politicosaldesnudo.com.mx\/wp-content\/uploads\/2025\/07\/WhatsApp-Image-2025-07-23-at-12.39.16-1-1024x767.jpeg?resize=800%2C599&#038;ssl=1\" alt=\"\" width=\"800\" height=\"599\" srcset=\"https:\/\/i0.wp.com\/politicosaldesnudo.com.mx\/wp-content\/uploads\/2025\/07\/WhatsApp-Image-2025-07-23-at-12.39.16-1.jpeg?resize=1024%2C767&amp;ssl=1 1024w, https:\/\/i0.wp.com\/politicosaldesnudo.com.mx\/wp-content\/uploads\/2025\/07\/WhatsApp-Image-2025-07-23-at-12.39.16-1.jpeg?resize=300%2C225&amp;ssl=1 300w, https:\/\/i0.wp.com\/politicosaldesnudo.com.mx\/wp-content\/uploads\/2025\/07\/WhatsApp-Image-2025-07-23-at-12.39.16-1.jpeg?resize=768%2C576&amp;ssl=1 768w, https:\/\/i0.wp.com\/politicosaldesnudo.com.mx\/wp-content\/uploads\/2025\/07\/WhatsApp-Image-2025-07-23-at-12.39.16-1.jpeg?resize=1536%2C1151&amp;ssl=1 1536w, https:\/\/i0.wp.com\/politicosaldesnudo.com.mx\/wp-content\/uploads\/2025\/07\/WhatsApp-Image-2025-07-23-at-12.39.16-1.jpeg?w=1600&amp;ssl=1 1600w\" sizes=\"auto, (max-width: 800px) 100vw, 800px\" \/> <img data-recalc-dims=\"1\" loading=\"lazy\" decoding=\"async\" class=\"aligncenter size-large wp-image-67436\" src=\"https:\/\/i0.wp.com\/politicosaldesnudo.com.mx\/wp-content\/uploads\/2025\/07\/WhatsApp-Image-2025-07-23-at-12.39.15-1024x768.jpeg?resize=800%2C600&#038;ssl=1\" alt=\"\" width=\"800\" height=\"600\" srcset=\"https:\/\/i0.wp.com\/politicosaldesnudo.com.mx\/wp-content\/uploads\/2025\/07\/WhatsApp-Image-2025-07-23-at-12.39.15.jpeg?resize=1024%2C768&amp;ssl=1 1024w, https:\/\/i0.wp.com\/politicosaldesnudo.com.mx\/wp-content\/uploads\/2025\/07\/WhatsApp-Image-2025-07-23-at-12.39.15.jpeg?resize=300%2C225&amp;ssl=1 300w, https:\/\/i0.wp.com\/politicosaldesnudo.com.mx\/wp-content\/uploads\/2025\/07\/WhatsApp-Image-2025-07-23-at-12.39.15.jpeg?resize=768%2C576&amp;ssl=1 768w, https:\/\/i0.wp.com\/politicosaldesnudo.com.mx\/wp-content\/uploads\/2025\/07\/WhatsApp-Image-2025-07-23-at-12.39.15.jpeg?resize=1536%2C1152&amp;ssl=1 1536w, https:\/\/i0.wp.com\/politicosaldesnudo.com.mx\/wp-content\/uploads\/2025\/07\/WhatsApp-Image-2025-07-23-at-12.39.15.jpeg?w=1600&amp;ssl=1 1600w\" sizes=\"auto, (max-width: 800px) 100vw, 800px\" \/><\/p>\n<p>El objetivo es fomentar la producci\u00f3n de alimentos para autoconsumo y mejorar su econom\u00eda.<\/p>\n<p>La entrega estuvo a cargo del Ing. Jhonny G. Arroyo Hern\u00e1ndez, jefe de Desarrollo de Capacidades Pecuarias de la Direcci\u00f3n General de Ganader\u00eda de la SEDARPA, y el C. Edmundo Crist\u00f3bal Cruz, director de Desarrollo Agropecuario Forestal y Pesca, en representaci\u00f3n del presidente municipal, Dr. Jes\u00fas Fomperoza Torres.<\/p>\n<p><img data-recalc-dims=\"1\" loading=\"lazy\" decoding=\"async\" class=\"aligncenter size-large wp-image-67435\" src=\"https:\/\/i0.wp.com\/politicosaldesnudo.com.mx\/wp-content\/uploads\/2025\/07\/WhatsApp-Image-2025-07-23-at-12.39.15-1-1024x768.jpeg?resize=800%2C600&#038;ssl=1\" alt=\"\" width=\"800\" height=\"600\" srcset=\"https:\/\/i0.wp.com\/politicosaldesnudo.com.mx\/wp-content\/uploads\/2025\/07\/WhatsApp-Image-2025-07-23-at-12.39.15-1.jpeg?resize=1024%2C768&amp;ssl=1 1024w, https:\/\/i0.wp.com\/politicosaldesnudo.com.mx\/wp-content\/uploads\/2025\/07\/WhatsApp-Image-2025-07-23-at-12.39.15-1.jpeg?resize=300%2C225&amp;ssl=1 300w, https:\/\/i0.wp.com\/politicosaldesnudo.com.mx\/wp-content\/uploads\/2025\/07\/WhatsApp-Image-2025-07-23-at-12.39.15-1.jpeg?resize=768%2C576&amp;ssl=1 768w, https:\/\/i0.wp.com\/politicosaldesnudo.com.mx\/wp-content\/uploads\/2025\/07\/WhatsApp-Image-2025-07-23-at-12.39.15-1.jpeg?resize=1536%2C1152&amp;ssl=1 1536w, https:\/\/i0.wp.com\/politicosaldesnudo.com.mx\/wp-content\/uploads\/2025\/07\/WhatsApp-Image-2025-07-23-at-12.39.15-1.jpeg?w=1600&amp;ssl=1 1600w\" sizes=\"auto, (max-width: 800px) 100vw, 800px\" \/><\/p>\n<p>Las autoridades reiteraron el exhorto a los productores a acercarse a la Direcci\u00f3n de Desarrollo Agropecuario y solicitar este tipo de apoyos que buscan impulsar la productividad del campo.<\/p>\n","protected":false},"excerpt":{"rendered":"<p>\u2022 Estos apoyos son emanados de la Feria Pecuaria 2025 que impulsa SEDARPA Tuxpan, Ver., 23 de julio de 2025.-<\/p>\n","protected":false},"author":4,"featured_media":67434,"comment_status":"closed","ping_status":"closed","sticky":false,"template":"","format":"standard","meta":{"colormag_page_container_layout":"default_layout","colormag_page_sidebar_layout":"default_layout","_jetpack_memberships_contains_paid_content":false,"footnotes":"","jetpack_publicize_message":"","jetpack_publicize_feature_enabled":true,"jetpack_social_post_already_shared":true,"jetpack_social_options":{"image_generator_settings":{"template":"highway","default_image_id":0,"font":"","enabled":false},"version":2}},"categories":[3205,1082],"tags":[],"class_list":["post-67433","post","type-post","status-publish","format-standard","has-post-thumbnail","hentry","category-gobierno-tuxpan","category-tuxpan"],"jetpack_publicize_connections":[],"jetpack_featured_media_url":"https:\/\/i0.wp.com\/politicosaldesnudo.com.mx\/wp-content\/uploads\/2025\/07\/WhatsApp-Image-2025-07-23-at-12.39.14.jpeg?fit=1600%2C790&ssl=1","jetpack-related-posts":[],"jetpack_sharing_enabled":true,"_links":{"self":[{"href":"https:\/\/politicosaldesnudo.com.mx\/index.php\/wp-json\/wp\/v2\/posts\/67433","targetHints":{"allow":["GET"]}}],"collection":[{"href":"https:\/\/politicosaldesnudo.com.mx\/index.php\/wp-json\/wp\/v2\/posts"}],"about":[{"href":"https:\/\/politicosaldesnudo.com.mx\/index.php\/wp-json\/wp\/v2\/types\/post"}],"author":[{"embeddable":true,"href":"https:\/\/politicosaldesnudo.com.mx\/index.php\/wp-json\/wp\/v2\/users\/4"}],"replies":[{"embeddable":true,"href":"https:\/\/politicosaldesnudo.com.mx\/index.php\/wp-json\/wp\/v2\/comments?post=67433"}],"version-history":[{"count":0,"href":"https:\/\/politicosaldesnudo.com.mx\/index.php\/wp-json\/wp\/v2\/posts\/67433\/revisions"}],"wp:featuredmedia":[{"embeddable":true,"href":"https:\/\/politicosaldesnudo.com.mx\/index.php\/wp-json\/wp\/v2\/media\/67434"}],"wp:attachment":[{"href":"https:\/\/politicosaldesnudo.com.mx\/index.php\/wp-json\/wp\/v2\/media?parent=67433"}],"wp:term":[{"taxonomy":"category","embeddable":true,"href":"https:\/\/politicosaldesnudo.com.mx\/index.php\/wp-json\/wp\/v2\/categories?post=67433"},{"taxonomy":"post_tag","embeddable":true,"href":"https:\/\/politicosaldesnudo.com.mx\/index.php\/wp-json\/wp\/v2\/tags?post=67433"}],"curies":[{"name":"wp","href":"https:\/\/api.w.org\/{rel}","templated":true}]}}