{"id":67440,"date":"2025-07-24T00:01:59","date_gmt":"2025-07-24T06:01:59","guid":{"rendered":"https:\/\/politicosaldesnudo.com.mx\/?p=67440"},"modified":"2025-07-23T21:20:30","modified_gmt":"2025-07-24T03:20:30","slug":"inicia-mis-vacaciones-en-la-biblioteca","status":"publish","type":"post","link":"https:\/\/politicosaldesnudo.com.mx\/index.php\/2025\/07\/24\/inicia-mis-vacaciones-en-la-biblioteca\/","title":{"rendered":"Inicia \u201cMis vacaciones en la biblioteca\u201d"},"content":{"rendered":"<p>M\u00e1s de 70 ni\u00f1as y ni\u00f1os tuxpe\u00f1os est\u00e1n disfrutando de un verano lleno de aprendizaje, creatividad y fomento a la lectura gracias al curso gratuito \u201cMis Vacaciones en la Biblioteca 2025\u201d, que dio inicio oficialmente este martes, inform\u00f3 la directora de Museos, Bibliotecas y Cultura de Tuxpan, Marisol Miquelajauri Guzm\u00e1n.<\/p>\n<p>La funcionaria municipal explic\u00f3 que este es el cuarto a\u00f1o consecutivo que se lleva a cabo este programa en la ciudad, el cual tiene como objetivo principal despertar el inter\u00e9s por la lectura entre los menores, a trav\u00e9s de actividades l\u00fadicas y did\u00e1cticas que surgen de los libros y del conocimiento.<\/p>\n<p>El curso est\u00e1 dirigido a ni\u00f1os de entre 6 y 11 a\u00f1os de edad y se imparte durante cinco semanas en dos sedes: la Biblioteca Municipal y la Biblioteca de Santiago de la Pe\u00f1a. En la primera se cuenta con un espacio amplio que permite una mayor capacidad de atenci\u00f3n, mientras que, en la segunda, aunque m\u00e1s limitada en espacio, tambi\u00e9n se mantiene una participaci\u00f3n activa.<\/p>\n<p>\u201cEstamos muy contentos de ver tanto inter\u00e9s. Aqu\u00ed en la biblioteca central tenemos alrededor de 40 ni\u00f1os y en la de Santiago de la Pe\u00f1a unos 30. El registro sigue abierto, por lo que a\u00fan pueden incorporarse\u201d, expres\u00f3 Miquelajauri Guzm\u00e1n.<\/p>\n<p>Las actividades se realizan los d\u00edas martes, mi\u00e9rcoles y jueves, de 10:00 a 12:30 del d\u00eda, y no tienen ning\u00fan costo. Los \u00fanicos requisitos son llevar un coj\u00edn, refrigerio y agua, ya que todo el material y la gu\u00eda corre a cargo del equipo bibliotecario.<\/p>\n<p>La directora invit\u00f3 a madres y padres de familia a aprovechar esta oportunidad para que sus hijos vivan un verano diferente, desarrollen su imaginaci\u00f3n y se acerquen al h\u00e1bito de la lectura. El curso concluir\u00e1 el jueves 21 de agosto.<\/p>\n<p>\u201cQueremos que la biblioteca sea vista como un espacio vivo, donde se aprende, se convive y se disfruta. La lectura es una herramienta poderosa para el crecimiento de nuestros ni\u00f1os, y este programa lo demuestra cada a\u00f1o\u201d, concluy\u00f3.<\/p>\n","protected":false},"excerpt":{"rendered":"<p>M\u00e1s de 70 ni\u00f1as y ni\u00f1os tuxpe\u00f1os est\u00e1n disfrutando de un verano lleno de aprendizaje, creatividad y fomento a la<\/p>\n","protected":false},"author":4,"featured_media":67441,"comment_status":"closed","ping_status":"closed","sticky":false,"template":"","format":"standard","meta":{"colormag_page_container_layout":"default_layout","colormag_page_sidebar_layout":"default_layout","_jetpack_memberships_contains_paid_content":false,"footnotes":"","jetpack_publicize_message":"","jetpack_publicize_feature_enabled":true,"jetpack_social_post_already_shared":true,"jetpack_social_options":{"image_generator_settings":{"template":"highway","default_image_id":0,"font":"","enabled":false},"version":2}},"categories":[1082],"tags":[],"class_list":["post-67440","post","type-post","status-publish","format-standard","has-post-thumbnail","hentry","category-tuxpan"],"jetpack_publicize_connections":[],"jetpack_featured_media_url":"https:\/\/i0.wp.com\/politicosaldesnudo.com.mx\/wp-content\/uploads\/2025\/07\/BIB.jpg?fit=1200%2C675&ssl=1","jetpack-related-posts":[],"jetpack_sharing_enabled":true,"_links":{"self":[{"href":"https:\/\/politicosaldesnudo.com.mx\/index.php\/wp-json\/wp\/v2\/posts\/67440","targetHints":{"allow":["GET"]}}],"collection":[{"href":"https:\/\/politicosaldesnudo.com.mx\/index.php\/wp-json\/wp\/v2\/posts"}],"about":[{"href":"https:\/\/politicosaldesnudo.com.mx\/index.php\/wp-json\/wp\/v2\/types\/post"}],"author":[{"embeddable":true,"href":"https:\/\/politicosaldesnudo.com.mx\/index.php\/wp-json\/wp\/v2\/users\/4"}],"replies":[{"embeddable":true,"href":"https:\/\/politicosaldesnudo.com.mx\/index.php\/wp-json\/wp\/v2\/comments?post=67440"}],"version-history":[{"count":0,"href":"https:\/\/politicosaldesnudo.com.mx\/index.php\/wp-json\/wp\/v2\/posts\/67440\/revisions"}],"wp:featuredmedia":[{"embeddable":true,"href":"https:\/\/politicosaldesnudo.com.mx\/index.php\/wp-json\/wp\/v2\/media\/67441"}],"wp:attachment":[{"href":"https:\/\/politicosaldesnudo.com.mx\/index.php\/wp-json\/wp\/v2\/media?parent=67440"}],"wp:term":[{"taxonomy":"category","embeddable":true,"href":"https:\/\/politicosaldesnudo.com.mx\/index.php\/wp-json\/wp\/v2\/categories?post=67440"},{"taxonomy":"post_tag","embeddable":true,"href":"https:\/\/politicosaldesnudo.com.mx\/index.php\/wp-json\/wp\/v2\/tags?post=67440"}],"curies":[{"name":"wp","href":"https:\/\/api.w.org\/{rel}","templated":true}]}}