{"id":67443,"date":"2025-07-24T00:02:03","date_gmt":"2025-07-24T06:02:03","guid":{"rendered":"https:\/\/politicosaldesnudo.com.mx\/?p=67443"},"modified":"2025-07-23T21:21:32","modified_gmt":"2025-07-24T03:21:32","slug":"exhortan-a-colonos-a-exponer-propuestas","status":"publish","type":"post","link":"https:\/\/politicosaldesnudo.com.mx\/index.php\/2025\/07\/24\/exhortan-a-colonos-a-exponer-propuestas\/","title":{"rendered":"Exhortan a colonos a exponer propuestas"},"content":{"rendered":"<p>En aras de que la poblaci\u00f3n participe en la conformaci\u00f3n del Plan de Desarrollo Municipal 2026-2029, que encabezar\u00e1 el pr\u00f3ximo alcalde Daniel Cortina, Jes\u00fas Carballo, hizo a trav\u00e9s de sus redes sociales una invitaci\u00f3n a la poblaci\u00f3n de las colonias Cabo Alto, Cabo Rojo y Campo Real, para que participen en las mesas de trabajo que se estar\u00e1n instalando este mi\u00e9rcoles 23 de julio, a las 17:00 horas en la Escuela Primaria Rafael Ram\u00edrez Casta\u00f1eda, ubicada en el Fraccionamiento Campo Real.<\/p>\n<p>En su publicaci\u00f3n oficial mencion\u00f3 que ya se recorrieron dichas colonias dialogando con vecinos y comit\u00e9s de Obra para extenderles la invitaci\u00f3n a que lleven sus propuestas basadas en sus inquietudes y necesidades del lugar en el que viven, y aprovechar as\u00ed la gira de agradecimiento que se encuentra realizando el alcalde electo, la cual tiene como objetivo tomar en cuenta el sentir de los tuxpe\u00f1os, para planear las estrategias de trabajo en la pr\u00f3xima administraci\u00f3n que arrancar\u00e1 en enero del 2026.<\/p>\n<p>\u201cNuestro pr\u00f3ximo alcalde, Daniel Cortina Mart\u00ednez, estar\u00e1 encabezando la gira de agradecimiento y mesas de trabajo rumbo al Plan de Desarrollo Municipal 2026-2029, escuchando de frente las necesidades, inquietudes y propuestas prioritarias de esta importante zona. \u00a1Con el pueblo al frente, vamos a Transformar!\u201d, puntualiz\u00f3 Jes\u00fas Carballo.<\/p>\n","protected":false},"excerpt":{"rendered":"<p>En aras de que la poblaci\u00f3n participe en la conformaci\u00f3n del Plan de Desarrollo Municipal 2026-2029, que encabezar\u00e1 el pr\u00f3ximo<\/p>\n","protected":false},"author":4,"featured_media":67444,"comment_status":"closed","ping_status":"closed","sticky":false,"template":"","format":"standard","meta":{"colormag_page_container_layout":"default_layout","colormag_page_sidebar_layout":"default_layout","_jetpack_memberships_contains_paid_content":false,"footnotes":"","jetpack_publicize_message":"","jetpack_publicize_feature_enabled":true,"jetpack_social_post_already_shared":true,"jetpack_social_options":{"image_generator_settings":{"template":"highway","default_image_id":0,"font":"","enabled":false},"version":2}},"categories":[1082],"tags":[],"class_list":["post-67443","post","type-post","status-publish","format-standard","has-post-thumbnail","hentry","category-tuxpan"],"jetpack_publicize_connections":[],"jetpack_featured_media_url":"https:\/\/i0.wp.com\/politicosaldesnudo.com.mx\/wp-content\/uploads\/2025\/07\/COL.jpg?fit=1200%2C554&ssl=1","jetpack-related-posts":[],"jetpack_sharing_enabled":true,"_links":{"self":[{"href":"https:\/\/politicosaldesnudo.com.mx\/index.php\/wp-json\/wp\/v2\/posts\/67443","targetHints":{"allow":["GET"]}}],"collection":[{"href":"https:\/\/politicosaldesnudo.com.mx\/index.php\/wp-json\/wp\/v2\/posts"}],"about":[{"href":"https:\/\/politicosaldesnudo.com.mx\/index.php\/wp-json\/wp\/v2\/types\/post"}],"author":[{"embeddable":true,"href":"https:\/\/politicosaldesnudo.com.mx\/index.php\/wp-json\/wp\/v2\/users\/4"}],"replies":[{"embeddable":true,"href":"https:\/\/politicosaldesnudo.com.mx\/index.php\/wp-json\/wp\/v2\/comments?post=67443"}],"version-history":[{"count":0,"href":"https:\/\/politicosaldesnudo.com.mx\/index.php\/wp-json\/wp\/v2\/posts\/67443\/revisions"}],"wp:featuredmedia":[{"embeddable":true,"href":"https:\/\/politicosaldesnudo.com.mx\/index.php\/wp-json\/wp\/v2\/media\/67444"}],"wp:attachment":[{"href":"https:\/\/politicosaldesnudo.com.mx\/index.php\/wp-json\/wp\/v2\/media?parent=67443"}],"wp:term":[{"taxonomy":"category","embeddable":true,"href":"https:\/\/politicosaldesnudo.com.mx\/index.php\/wp-json\/wp\/v2\/categories?post=67443"},{"taxonomy":"post_tag","embeddable":true,"href":"https:\/\/politicosaldesnudo.com.mx\/index.php\/wp-json\/wp\/v2\/tags?post=67443"}],"curies":[{"name":"wp","href":"https:\/\/api.w.org\/{rel}","templated":true}]}}