{"id":67473,"date":"2025-07-24T00:13:32","date_gmt":"2025-07-24T06:13:32","guid":{"rendered":"https:\/\/politicosaldesnudo.com.mx\/?p=67473"},"modified":"2025-07-23T21:59:36","modified_gmt":"2025-07-24T03:59:36","slug":"egresa-primera-generacion-de-normalistas-de-el-mexe-tras-su-reapertura","status":"publish","type":"post","link":"https:\/\/politicosaldesnudo.com.mx\/index.php\/2025\/07\/24\/egresa-primera-generacion-de-normalistas-de-el-mexe-tras-su-reapertura\/","title":{"rendered":"Egresa primera generaci\u00f3n de normalistas de El Mexe tras su reapertura"},"content":{"rendered":"<p class=\"nota-justify\">La primera generaci\u00f3n de estudiantes de la licenciatura en Educaci\u00f3n Primaria de la Escuela Normal Rural Luis Villarreal El Mexe egres\u00f3 este mi\u00e9rcoles, tras su reapertura formal en 2021.<\/p>\n<p class=\"nota-justify\">68 j\u00f3venes, 40 mujeres y 28 hombres, recibieron sus t\u00edtulos profesionales como maestras y maestros durante una ceremonia realizada en el viejo casco de Ex hacienda ubicada en el poblado de Tepatepec.<\/p>\n<p class=\"nota-justify\">Tras el \u00faltimo pase de lista, la joven Alitzel Lara Bernal, una de las egresadas, dirigi\u00f3 un mensaje en el que destac\u00f3 que fue a ellos a los que les toc\u00f3 enfrentar el tortuoso camino de reapertura de El Mexe, cuyas actividades fueron suspendidas en 2006 por decisi\u00f3n del entonces gobernador Miguel \u00c1ngel Osorio Chong, quien construy\u00f3 en ese mismo lugar la Universidad Polit\u00e9cnica de Francisco i Madero (UPFIM).<\/p>\n<p class=\"nota-justify\">De acuerdo con el docente y ex diputado local Armando Quintanar Trejo, uno de los principales luchadores sociales en favor de la reapertura del Mexe, los 68 estudiantes que recibieron su t\u00edtulo, conformaron la generaci\u00f3n 2021-2025 del Mexe, la primera desde que entr\u00f3 en \u00abreceso\u00bb en 2006 por \u00f3rdenes del ex mandatario estatal.<\/p>\n<p class=\"nota-justify\">Tras destacar que los reci\u00e9n egresados maestros \u00abhicieron un gran esfuerzo para recibirse, ya que todos son provenientes de familias humildes y de bajos recursos econ\u00f3micos\u00bb, asegur\u00f3 que actualmente El Mexe \u00abtiene una matr\u00edcula de 312 alumnos en los distintos semestres\u00bb.<\/p>\n<p class=\"nota-justify\">A siete a\u00f1os del anuncio que hizo el entonces presidente Andr\u00e9s Manuel L\u00f3pez Obrador de reabrir El Mexe, Armando Quintanar reconoci\u00f3 que a\u00fan hay carencias que poco a poco se van a ir superando con apoyo de las autoridades estatales y federales. En particular, con la construcci\u00f3n del internado para brindar hospedaje a los j\u00f3venes de bajos recursos que viven en lugares lejanos. Los cuales fueron entregados a principios de a\u00f1o; sin embargo, el funcionario coment\u00f3 que estos no alcanzan para dar alojamiento a todos los estudiantes que integran la matr\u00edcula de El Mexe. Subray\u00f3 que existe la posibilidad de que los mexistas gestionen ante el gobierno federal m\u00e1s recursos para la edificaci\u00f3n de otro m\u00f3dulo de dormitorios.<\/p>\n<p class=\"nota-justify\">Otra de las demandas es la devoluci\u00f3n de las tierras con las que la Normal contaba antes de 2006 y que a partir de ese momento pasaron a manos de la UPFIM. Los predios que suman m\u00e1s de 70 hect\u00e1reas ser\u00edan para hacer sus pr\u00e1cticas y sembrar sus alimentos, as\u00ed como para construir m\u00e1s aulas. Otra exigencia es la construcci\u00f3n de un comedor.<\/p>\n","protected":false},"excerpt":{"rendered":"<p>La primera generaci\u00f3n de estudiantes de la licenciatura en Educaci\u00f3n Primaria de la Escuela Normal Rural Luis Villarreal El Mexe<\/p>\n","protected":false},"author":4,"featured_media":67474,"comment_status":"closed","ping_status":"closed","sticky":false,"template":"","format":"standard","meta":{"colormag_page_container_layout":"default_layout","colormag_page_sidebar_layout":"default_layout","_jetpack_memberships_contains_paid_content":false,"footnotes":"","jetpack_publicize_message":"","jetpack_publicize_feature_enabled":true,"jetpack_social_post_already_shared":true,"jetpack_social_options":{"image_generator_settings":{"template":"highway","default_image_id":0,"font":"","enabled":false},"version":2}},"categories":[30],"tags":[],"class_list":["post-67473","post","type-post","status-publish","format-standard","has-post-thumbnail","hentry","category-estados"],"jetpack_publicize_connections":[],"jetpack_featured_media_url":"https:\/\/i0.wp.com\/politicosaldesnudo.com.mx\/wp-content\/uploads\/2025\/07\/MEX.jpg?fit=764%2C560&ssl=1","jetpack-related-posts":[],"jetpack_sharing_enabled":true,"_links":{"self":[{"href":"https:\/\/politicosaldesnudo.com.mx\/index.php\/wp-json\/wp\/v2\/posts\/67473","targetHints":{"allow":["GET"]}}],"collection":[{"href":"https:\/\/politicosaldesnudo.com.mx\/index.php\/wp-json\/wp\/v2\/posts"}],"about":[{"href":"https:\/\/politicosaldesnudo.com.mx\/index.php\/wp-json\/wp\/v2\/types\/post"}],"author":[{"embeddable":true,"href":"https:\/\/politicosaldesnudo.com.mx\/index.php\/wp-json\/wp\/v2\/users\/4"}],"replies":[{"embeddable":true,"href":"https:\/\/politicosaldesnudo.com.mx\/index.php\/wp-json\/wp\/v2\/comments?post=67473"}],"version-history":[{"count":0,"href":"https:\/\/politicosaldesnudo.com.mx\/index.php\/wp-json\/wp\/v2\/posts\/67473\/revisions"}],"wp:featuredmedia":[{"embeddable":true,"href":"https:\/\/politicosaldesnudo.com.mx\/index.php\/wp-json\/wp\/v2\/media\/67474"}],"wp:attachment":[{"href":"https:\/\/politicosaldesnudo.com.mx\/index.php\/wp-json\/wp\/v2\/media?parent=67473"}],"wp:term":[{"taxonomy":"category","embeddable":true,"href":"https:\/\/politicosaldesnudo.com.mx\/index.php\/wp-json\/wp\/v2\/categories?post=67473"},{"taxonomy":"post_tag","embeddable":true,"href":"https:\/\/politicosaldesnudo.com.mx\/index.php\/wp-json\/wp\/v2\/tags?post=67473"}],"curies":[{"name":"wp","href":"https:\/\/api.w.org\/{rel}","templated":true}]}}