{"id":67542,"date":"2025-07-25T00:15:44","date_gmt":"2025-07-25T06:15:44","guid":{"rendered":"https:\/\/politicosaldesnudo.com.mx\/?p=67542"},"modified":"2025-07-24T21:22:59","modified_gmt":"2025-07-25T03:22:59","slug":"nos-quieren-silenciar-con-miedo-frayba-denuncia-ataque-contra-su-directora","status":"publish","type":"post","link":"https:\/\/politicosaldesnudo.com.mx\/index.php\/2025\/07\/25\/nos-quieren-silenciar-con-miedo-frayba-denuncia-ataque-contra-su-directora\/","title":{"rendered":"Nos quieren silenciar con miedo: Frayba denuncia ataque contra su directora"},"content":{"rendered":"<p class=\"nota-justify\">El Centro de Derechos Humanos Fray Bartolom\u00e9 de Las Casas (Frayba) denunci\u00f3 que la casa de su directora, Dora Lilia Roblero Garc\u00eda, fue allanada el pasado martes.<\/p>\n<p class=\"nota-justify\">\u201cEste grave incidente se enmarca en una serie de intimidaciones, vigilancias, amenazas hacia Dora, pero tambi\u00e9n a otras personas integrantes del organismo a lo largo de los \u00faltimos meses\u00bb, agreg\u00f3.<\/p>\n<p class=\"nota-justify\">En un comunicado se\u00f1al\u00f3 que \u201ccomo equipo, tenemos claro que se trata de una respuesta ante el trabajo de denuncia del Frayba, que sigue posicionando en el debate p\u00fablico las graves violaciones a derechos humanos que se cometen en Chiapas\u201d.<\/p>\n<p class=\"nota-justify\">El organismo que preside el obispo em\u00e9rito de Saltillo, Coahuila, Ra\u00fal Vera L\u00f3pez, sostuvo que \u201cel objetivo de quienes nos atacan es, a trav\u00e9s del miedo, obligarnos a quedar callados\u201d.<\/p>\n<p class=\"nota-justify\">Inform\u00f3 que este jueves \u201cse va a poner una denuncia ante la Fiscal\u00eda y de igual forma vamos a publicar una palabra denunciando estos hechos inaceptables\u201d.<\/p>\n<p class=\"nota-justify\">Agreg\u00f3: \u201cLes pedimos que est\u00e9n pendientes para poder replicarla y generar acciones de solidaridad desde donde sea que se encuentran. Si tocan a unos, nos tocan a todas y todos. Agradecemos siempre su respaldo y apapacho, que nos ayuda a seguir adelante y con paso firme\u201d.<\/p>\n","protected":false},"excerpt":{"rendered":"<p>El Centro de Derechos Humanos Fray Bartolom\u00e9 de Las Casas (Frayba) denunci\u00f3 que la casa de su directora, Dora Lilia<\/p>\n","protected":false},"author":4,"featured_media":67543,"comment_status":"closed","ping_status":"closed","sticky":false,"template":"","format":"standard","meta":{"colormag_page_container_layout":"default_layout","colormag_page_sidebar_layout":"default_layout","_jetpack_memberships_contains_paid_content":false,"footnotes":"","jetpack_publicize_message":"","jetpack_publicize_feature_enabled":true,"jetpack_social_post_already_shared":true,"jetpack_social_options":{"image_generator_settings":{"template":"highway","default_image_id":0,"font":"","enabled":false},"version":2}},"categories":[30],"tags":[],"class_list":["post-67542","post","type-post","status-publish","format-standard","has-post-thumbnail","hentry","category-estados"],"jetpack_publicize_connections":[],"jetpack_featured_media_url":"https:\/\/i0.wp.com\/politicosaldesnudo.com.mx\/wp-content\/uploads\/2025\/07\/FR-1.jpg?fit=744%2C493&ssl=1","jetpack-related-posts":[],"jetpack_sharing_enabled":true,"_links":{"self":[{"href":"https:\/\/politicosaldesnudo.com.mx\/index.php\/wp-json\/wp\/v2\/posts\/67542","targetHints":{"allow":["GET"]}}],"collection":[{"href":"https:\/\/politicosaldesnudo.com.mx\/index.php\/wp-json\/wp\/v2\/posts"}],"about":[{"href":"https:\/\/politicosaldesnudo.com.mx\/index.php\/wp-json\/wp\/v2\/types\/post"}],"author":[{"embeddable":true,"href":"https:\/\/politicosaldesnudo.com.mx\/index.php\/wp-json\/wp\/v2\/users\/4"}],"replies":[{"embeddable":true,"href":"https:\/\/politicosaldesnudo.com.mx\/index.php\/wp-json\/wp\/v2\/comments?post=67542"}],"version-history":[{"count":0,"href":"https:\/\/politicosaldesnudo.com.mx\/index.php\/wp-json\/wp\/v2\/posts\/67542\/revisions"}],"wp:featuredmedia":[{"embeddable":true,"href":"https:\/\/politicosaldesnudo.com.mx\/index.php\/wp-json\/wp\/v2\/media\/67543"}],"wp:attachment":[{"href":"https:\/\/politicosaldesnudo.com.mx\/index.php\/wp-json\/wp\/v2\/media?parent=67542"}],"wp:term":[{"taxonomy":"category","embeddable":true,"href":"https:\/\/politicosaldesnudo.com.mx\/index.php\/wp-json\/wp\/v2\/categories?post=67542"},{"taxonomy":"post_tag","embeddable":true,"href":"https:\/\/politicosaldesnudo.com.mx\/index.php\/wp-json\/wp\/v2\/tags?post=67542"}],"curies":[{"name":"wp","href":"https:\/\/api.w.org\/{rel}","templated":true}]}}