{"id":67545,"date":"2025-07-25T00:16:40","date_gmt":"2025-07-25T06:16:40","guid":{"rendered":"https:\/\/politicosaldesnudo.com.mx\/?p=67545"},"modified":"2025-07-24T21:24:49","modified_gmt":"2025-07-25T03:24:49","slug":"policia-agrede-a-reportero-de-el-sol-de-irapuato","status":"publish","type":"post","link":"https:\/\/politicosaldesnudo.com.mx\/index.php\/2025\/07\/25\/policia-agrede-a-reportero-de-el-sol-de-irapuato\/","title":{"rendered":"Polic\u00eda agrede a reportero de \u2018El Sol de Irapuato\u2019"},"content":{"rendered":"<p class=\"nota-justify\">Un polic\u00eda del gobierno de Irapuato agredi\u00f3 f\u00edsica y verbalmente al reportero gr\u00e1fico de\u00a0<i>El Sol<\/i>, Mart\u00edn Mart\u00ednez, cuando cubr\u00eda un hecho de seguridad.<\/p>\n<p class=\"nota-justify\">El oficial Pedro Rivera Bedolla golpe\u00f3 en el abdomen al comunicador para que no tomara fotograf\u00edas de un hombre que subi\u00f3 a un poste presuntamente con la intenci\u00f3n de suicidarse, de acuerdo con la versi\u00f3n del reportero.<\/p>\n<p class=\"nota-justify\">Los hechos se registraron en la calle Monte Olimpo, en la colonia Cantador. El oficial golpe\u00f3 al periodista y lo insultaba para que se retirar\u00e1 del lugar.<\/p>\n<p class=\"nota-justify\">El Consejo de Protecci\u00f3n a Personas Defensoras Derechos Humanos y Periodistas ha emitido medidas y conden\u00f3 el ataque contra Mart\u00edn Mart\u00ednez.<\/p>\n<p class=\"nota-justify\">El organismo conden\u00f3 \u201clos actos de intimidaci\u00f3n y agresi\u00f3n hacia el periodista Mart\u00edn Mart\u00ednez, colaborador del peri\u00f3dico\u00a0<i>El Sol de Irapuato<\/i>\u201d.<\/p>\n<p class=\"nota-justify\">El gobierno de Irapuato debe promover las acciones necesarias que aseguren las condiciones id\u00f3neas para el ejercicio de la libertad de expresi\u00f3n, en beneficio de toda la sociedad, exhort\u00f3 el Consejo de Protecci\u00f3n.<\/p>\n<p class=\"nota-justify\">El periodista recibir\u00e1 acompa\u00f1amiento por parte de la Secretar\u00eda T\u00e9cnica del Consejo en el proceso de la denuncia penal y de la queja ante Derechos Humanos contra el polic\u00eda que lo agredi\u00f3.<\/p>\n<p class=\"nota-justify\">\u00abLas autoridades deben privilegiar el respeto y protecci\u00f3n de los derechos humanos, entre los cuales se encuentra el del ejercicio period\u00edstico. En raz\u00f3n de ello habr\u00e1n de abstenerse de cualquier acci\u00f3n que lo suprima o disminuya\u00bb, exigi\u00f3.<\/p>\n<p class=\"nota-justify\">Cabe mencionar que no es la primera vez que la Polic\u00eda de Irapuato agrede a periodistas cuando se encuentran trabajando.<\/p>\n<p class=\"nota-justify\">En noviembre del 2024, el periodista Humberto Guti\u00e9rrez fue arrestado y golpeado por un polic\u00eda cuando tomaba un video de un accidente donde muri\u00f3 un motociclista.<\/p>\n<p class=\"nota-justify\">El 20 de junio del 2023, el reportero gr\u00e1fico de\u00a0<i>El Sol de Irapuato<\/i>, Jos\u00e9 Luis Cervantes, fue sometido y golpeado por polic\u00edas que participaban en un operativo para controlar una manifestaci\u00f3n.<\/p>\n<p class=\"nota-justify\">Todas las agresiones se han registrado en la primera y segunda administraci\u00f3n de la alcaldesa panista de Irapuato, Lorena Alfaro Garc\u00eda.<\/p>\n","protected":false},"excerpt":{"rendered":"<p>Un polic\u00eda del gobierno de Irapuato agredi\u00f3 f\u00edsica y verbalmente al reportero gr\u00e1fico de\u00a0El Sol, Mart\u00edn Mart\u00ednez, cuando cubr\u00eda un<\/p>\n","protected":false},"author":4,"featured_media":67546,"comment_status":"closed","ping_status":"closed","sticky":false,"template":"","format":"standard","meta":{"colormag_page_container_layout":"default_layout","colormag_page_sidebar_layout":"default_layout","_jetpack_memberships_contains_paid_content":false,"footnotes":"","jetpack_publicize_message":"","jetpack_publicize_feature_enabled":true,"jetpack_social_post_already_shared":true,"jetpack_social_options":{"image_generator_settings":{"template":"highway","default_image_id":0,"font":"","enabled":false},"version":2}},"categories":[30],"tags":[],"class_list":["post-67545","post","type-post","status-publish","format-standard","has-post-thumbnail","hentry","category-estados"],"jetpack_publicize_connections":[],"jetpack_featured_media_url":"https:\/\/i0.wp.com\/politicosaldesnudo.com.mx\/wp-content\/uploads\/2025\/07\/AGRE.jpg?fit=715%2C428&ssl=1","jetpack-related-posts":[],"jetpack_sharing_enabled":true,"_links":{"self":[{"href":"https:\/\/politicosaldesnudo.com.mx\/index.php\/wp-json\/wp\/v2\/posts\/67545","targetHints":{"allow":["GET"]}}],"collection":[{"href":"https:\/\/politicosaldesnudo.com.mx\/index.php\/wp-json\/wp\/v2\/posts"}],"about":[{"href":"https:\/\/politicosaldesnudo.com.mx\/index.php\/wp-json\/wp\/v2\/types\/post"}],"author":[{"embeddable":true,"href":"https:\/\/politicosaldesnudo.com.mx\/index.php\/wp-json\/wp\/v2\/users\/4"}],"replies":[{"embeddable":true,"href":"https:\/\/politicosaldesnudo.com.mx\/index.php\/wp-json\/wp\/v2\/comments?post=67545"}],"version-history":[{"count":0,"href":"https:\/\/politicosaldesnudo.com.mx\/index.php\/wp-json\/wp\/v2\/posts\/67545\/revisions"}],"wp:featuredmedia":[{"embeddable":true,"href":"https:\/\/politicosaldesnudo.com.mx\/index.php\/wp-json\/wp\/v2\/media\/67546"}],"wp:attachment":[{"href":"https:\/\/politicosaldesnudo.com.mx\/index.php\/wp-json\/wp\/v2\/media?parent=67545"}],"wp:term":[{"taxonomy":"category","embeddable":true,"href":"https:\/\/politicosaldesnudo.com.mx\/index.php\/wp-json\/wp\/v2\/categories?post=67545"},{"taxonomy":"post_tag","embeddable":true,"href":"https:\/\/politicosaldesnudo.com.mx\/index.php\/wp-json\/wp\/v2\/tags?post=67545"}],"curies":[{"name":"wp","href":"https:\/\/api.w.org\/{rel}","templated":true}]}}