{"id":67548,"date":"2025-07-25T00:17:15","date_gmt":"2025-07-25T06:17:15","guid":{"rendered":"https:\/\/politicosaldesnudo.com.mx\/?p=67548"},"modified":"2025-07-24T21:34:37","modified_gmt":"2025-07-25T03:34:37","slug":"colombia-ordena-petro-bloquear-salida-de-buques-con-carbon-hacia-israel","status":"publish","type":"post","link":"https:\/\/politicosaldesnudo.com.mx\/index.php\/2025\/07\/25\/colombia-ordena-petro-bloquear-salida-de-buques-con-carbon-hacia-israel\/","title":{"rendered":"Colombia: ordena Petro bloquear salida de buques con carb\u00f3n hacia Israel"},"content":{"rendered":"<p class=\"nota-justify\">El presidente de Colombia, Gustavo Petro, anunci\u00f3 el jueves que ordenar\u00e1 a la Armada Nacional impedir la salida de buques cargados con carb\u00f3n hacia Israel, tras denunciar que zarp\u00f3 una embarcaci\u00f3n con destino al Estado hebreo, en desaf\u00edo a su gobierno.<\/p>\n<p class=\"nota-justify\">\u00abVolvieron a sacar un buque hoy lleno de carb\u00f3n con destino a Israel. Un desaf\u00edo a mi gobierno. Le pido al ministro de Trabajo reuni\u00f3n urgente con los sindicatos del carb\u00f3n (\u2026) Armada recibir\u00e1 orden escrita para detener barcos con destino a Israel\u00bb, expres\u00f3 el mandatario a trav\u00e9s de su cuenta de X.<\/p>\n<p class=\"nota-justify\">Durante un reciente evento ministerial de la Comunidad de Estados Latinoamericanos y Caribe\u00f1o (CELAC), Petro se\u00f1al\u00f3 directamente a la multinacional suiza Glencore, responsable de las exportaciones desde La Guajira (norte), y llam\u00f3 a los pobladores de dicho enclave portuario a bloquear las operaciones si persiste el incumplimiento.<\/p>\n<p class=\"nota-justify\">El mandatario pidi\u00f3 a la empresa poner al servicio del pa\u00eds la infraestructura minera actualmente sin uso, como el ferrocarril entre Chiriguan\u00e1 y Santa Marta, el puerto en Bah\u00eda y la pista a\u00e9rea en el norte de La Guajira.<\/p>\n<p class=\"nota-justify\">La tensi\u00f3n con Israel se remonta al 1 de mayo, cuando Colombia rompi\u00f3 relaciones diplom\u00e1ticas tras acusar al Gobierno israel\u00ed de cometer cr\u00edmenes de guerra en Gaza.<\/p>\n<p class=\"nota-justify\">Desde entonces, el Ejecutivo colombiano ha endurecido su postura, y esta nueva medida busca alinear la pol\u00edtica exterior con los principios de derechos humanos y defensa de la soberan\u00eda nacional.<\/p>\n<p class=\"nota-justify\">Bogot\u00e1 fue sede recientemente de una reuni\u00f3n ministerial del grupo de La Haya sobre Gaza, en la que 12 pa\u00edses firmaron una declaraci\u00f3n conjunta con medidas contra Israel por su accionar en Palestina.<\/p>\n<p class=\"nota-justify\">Las medidas apuntan a embargo de armas, municiones, combustibles y bienes de doble uso hacia Israel; la prohibici\u00f3n de tr\u00e1nsito y abastecimiento a buques que transporten material militar con ese destino; la revisi\u00f3n de contratos p\u00fablicos.<\/p>\n","protected":false},"excerpt":{"rendered":"<p>El presidente de Colombia, Gustavo Petro, anunci\u00f3 el jueves que ordenar\u00e1 a la Armada Nacional impedir la salida de buques<\/p>\n","protected":false},"author":4,"featured_media":67549,"comment_status":"closed","ping_status":"closed","sticky":false,"template":"","format":"standard","meta":{"colormag_page_container_layout":"default_layout","colormag_page_sidebar_layout":"default_layout","_jetpack_memberships_contains_paid_content":false,"footnotes":"","jetpack_publicize_message":"","jetpack_publicize_feature_enabled":true,"jetpack_social_post_already_shared":true,"jetpack_social_options":{"image_generator_settings":{"template":"highway","default_image_id":0,"font":"","enabled":false},"version":2}},"categories":[28],"tags":[],"class_list":["post-67548","post","type-post","status-publish","format-standard","has-post-thumbnail","hentry","category-internacional"],"jetpack_publicize_connections":[],"jetpack_featured_media_url":"https:\/\/i0.wp.com\/politicosaldesnudo.com.mx\/wp-content\/uploads\/2025\/07\/PETRP.jpg?fit=755%2C513&ssl=1","jetpack-related-posts":[],"jetpack_sharing_enabled":true,"_links":{"self":[{"href":"https:\/\/politicosaldesnudo.com.mx\/index.php\/wp-json\/wp\/v2\/posts\/67548","targetHints":{"allow":["GET"]}}],"collection":[{"href":"https:\/\/politicosaldesnudo.com.mx\/index.php\/wp-json\/wp\/v2\/posts"}],"about":[{"href":"https:\/\/politicosaldesnudo.com.mx\/index.php\/wp-json\/wp\/v2\/types\/post"}],"author":[{"embeddable":true,"href":"https:\/\/politicosaldesnudo.com.mx\/index.php\/wp-json\/wp\/v2\/users\/4"}],"replies":[{"embeddable":true,"href":"https:\/\/politicosaldesnudo.com.mx\/index.php\/wp-json\/wp\/v2\/comments?post=67548"}],"version-history":[{"count":0,"href":"https:\/\/politicosaldesnudo.com.mx\/index.php\/wp-json\/wp\/v2\/posts\/67548\/revisions"}],"wp:featuredmedia":[{"embeddable":true,"href":"https:\/\/politicosaldesnudo.com.mx\/index.php\/wp-json\/wp\/v2\/media\/67549"}],"wp:attachment":[{"href":"https:\/\/politicosaldesnudo.com.mx\/index.php\/wp-json\/wp\/v2\/media?parent=67548"}],"wp:term":[{"taxonomy":"category","embeddable":true,"href":"https:\/\/politicosaldesnudo.com.mx\/index.php\/wp-json\/wp\/v2\/categories?post=67548"},{"taxonomy":"post_tag","embeddable":true,"href":"https:\/\/politicosaldesnudo.com.mx\/index.php\/wp-json\/wp\/v2\/tags?post=67548"}],"curies":[{"name":"wp","href":"https:\/\/api.w.org\/{rel}","templated":true}]}}