{"id":67560,"date":"2025-07-24T21:45:07","date_gmt":"2025-07-25T03:45:07","guid":{"rendered":"https:\/\/politicosaldesnudo.com.mx\/?p=67560"},"modified":"2025-07-24T21:45:07","modified_gmt":"2025-07-25T03:45:07","slug":"el-absurdo-minuto-de-un-legislador-pacheco","status":"publish","type":"post","link":"https:\/\/politicosaldesnudo.com.mx\/index.php\/2025\/07\/24\/el-absurdo-minuto-de-un-legislador-pacheco\/","title":{"rendered":"El absurdo minuto de un legislador pacheco"},"content":{"rendered":"<p style=\"font-weight: 400;\"><em>\u201cSi no se respeta lo sagrado, no se tiene nada en que fijar la conducta.\u201d \u2013 Confucio.<\/em><\/p>\n<p style=\"font-weight: 400;\"><strong>La C\u00e1mara de Diputados no deja de sorprendernos, pero lamentablemente no por su eficacia legislativa ni por su responsabilidad democr\u00e1tica. Esta semana fuimos testigos de un nuevo episodio de frivolidad institucional a manos del presidente de la Mesa Directiva, Sergio Guti\u00e9rrez Luna, quien decidi\u00f3 ofender una vez m\u00e1s la investidura del Congreso de la Uni\u00f3n al pedir \u2014a trav\u00e9s del senador Gerardo Fern\u00e1ndez Noro\u00f1a\u2014 un minuto de aplausos para Ozzy Osbourne, el llamado \u201cPr\u00edncipe de las Tinieblas\u201d, durante la instalaci\u00f3n de la Comisi\u00f3n Permanente.<\/strong><\/p>\n<p style=\"font-weight: 400;\"><strong>No se trata de prejuicios morales ni de conservadurismos anacr\u00f3nicos. Se trata del respeto que debe prevalecer en una instituci\u00f3n donde se discuten las leyes que rigen a nuestro pa\u00eds.<\/strong><\/p>\n<p style=\"font-weight: 400;\"><strong>El homenaje solicitado por Guti\u00e9rrez Luna resulta no solo innecesario, sino profundamente ofensivo para la dignidad del Poder Legislativo y para millones de mexicanas y mexicanos que esperan seriedad, compromiso y altura de miras de sus representantes.<\/strong><\/p>\n<p style=\"font-weight: 400;\"><strong>\u00bfQui\u00e9n autoriza el uso de las redes sociales oficiales de la C\u00e1mara para manifestaciones personales? \u00bfEn qu\u00e9 momento se convirti\u00f3 la tribuna del Congreso en un foro de fanatismos, ocurrencias y desvar\u00edos?<\/strong><\/p>\n<p style=\"font-weight: 400;\"><strong>Ozzy Osbourne podr\u00e1 haber sido un \u00edcono del rock, pero tambi\u00e9n fue durante d\u00e9cadas el rostro de los excesos, el descontrol, y de una figura cultural que dista mucho de representar los valores que deber\u00edan enarbolarse en el Congreso mexicano.<\/strong><\/p>\n<p style=\"font-weight: 400;\"><strong>\u00bfDe verdad se le debe rendir homenaje oficial a un personaje que alguna vez se jact\u00f3 de morder la cabeza de un murci\u00e9lago en un escenario? \u00bfde consumir drogas como estilo de vida?<\/strong><\/p>\n<p style=\"font-weight: 400;\"><strong>Lo de Guti\u00e9rrez Luna no es nuevo. En los pasillos de San L\u00e1zaro ya se le conoce como \u201cLord Pacheco\u201d, apodo ganado no solo por su conducta err\u00e1tica, sino por esa permanente necesidad de protagonismo basada en el rid\u00edculo.<\/strong><\/p>\n<p style=\"font-weight: 400;\"><strong>Ya hab\u00eda utilizado las redes oficiales para manifestaciones personales, y hoy vuelve a traspasar la l\u00ednea de la sensatez con una petici\u00f3n absurda que atenta contra el decoro institucional. Y en parte contra la dignidad del pueblo de M\u00e9xico.<\/strong><\/p>\n<p style=\"font-weight: 400;\"><strong>En Veracruz, su tierra natal, incluso sus simpatizantes agradecen que Morena eligiera como candidata a Roc\u00edo Nahle Garc\u00eda -actual mandataria, por cierto, la m\u00e1s votada de la historia- y no al minatitleco. Imaginen por un segundo que semejante personaje hubiese resultado gobernador\u2026 hoy tendr\u00edamos placas conmemorativas al Principe de Las Tinieblas, letras de oro y ferias escolares en honor a Black Sabbath.<\/strong><\/p>\n<p style=\"font-weight: 400;\"><strong>No se puede permitir que el Congreso de la Uni\u00f3n se convierta en una extensi\u00f3n de los caprichos y gustos musicales de un legislador. Un minuto de aplausos, s\u00ed, pero para los ciudadanos que a\u00fan conservan la cordura frente al delirio pol\u00edtico de quienes deber\u00edan dar el ejemplo. Los productos naturistas mexicanos son untados mi estimado diputado\u2026 \u00a1cordura!<\/strong><\/p>\n<p style=\"font-weight: 400;\"><strong>\u00a0<\/strong><\/p>\n<p style=\"font-weight: 400;\"><strong>Al tiempo.<\/strong><\/p>\n<p><img data-recalc-dims=\"1\" loading=\"lazy\" decoding=\"async\" class=\"aligncenter size-full wp-image-67276\" src=\"https:\/\/i0.wp.com\/politicosaldesnudo.com.mx\/wp-content\/uploads\/2025\/07\/FIRMA-EDITORIAL-PD-5.jpg?resize=800%2C98&#038;ssl=1\" alt=\"\" width=\"800\" height=\"98\" srcset=\"https:\/\/i0.wp.com\/politicosaldesnudo.com.mx\/wp-content\/uploads\/2025\/07\/FIRMA-EDITORIAL-PD-5.jpg?w=1024&amp;ssl=1 1024w, https:\/\/i0.wp.com\/politicosaldesnudo.com.mx\/wp-content\/uploads\/2025\/07\/FIRMA-EDITORIAL-PD-5.jpg?resize=300%2C37&amp;ssl=1 300w, https:\/\/i0.wp.com\/politicosaldesnudo.com.mx\/wp-content\/uploads\/2025\/07\/FIRMA-EDITORIAL-PD-5.jpg?resize=768%2C94&amp;ssl=1 768w\" sizes=\"auto, (max-width: 800px) 100vw, 800px\" \/><\/p>\n","protected":false},"excerpt":{"rendered":"<p>\u201cSi no se respeta lo sagrado, no se tiene nada en que fijar la conducta.\u201d \u2013 Confucio. La C\u00e1mara de<\/p>\n","protected":false},"author":4,"featured_media":36965,"comment_status":"closed","ping_status":"closed","sticky":false,"template":"","format":"standard","meta":{"colormag_page_container_layout":"default_layout","colormag_page_sidebar_layout":"default_layout","_jetpack_memberships_contains_paid_content":false,"footnotes":"","jetpack_publicize_message":"","jetpack_publicize_feature_enabled":true,"jetpack_social_post_already_shared":true,"jetpack_social_options":{"image_generator_settings":{"template":"highway","default_image_id":0,"font":"","enabled":false},"version":2}},"categories":[26],"tags":[],"class_list":["post-67560","post","type-post","status-publish","format-standard","has-post-thumbnail","hentry","category-columnistas"],"jetpack_publicize_connections":[],"jetpack_featured_media_url":"https:\/\/i0.wp.com\/politicosaldesnudo.com.mx\/wp-content\/uploads\/2024\/05\/LUIS-RAMIREZ-BAQUEIRO.jpg?fit=800%2C445&ssl=1","jetpack-related-posts":[],"jetpack_sharing_enabled":true,"_links":{"self":[{"href":"https:\/\/politicosaldesnudo.com.mx\/index.php\/wp-json\/wp\/v2\/posts\/67560","targetHints":{"allow":["GET"]}}],"collection":[{"href":"https:\/\/politicosaldesnudo.com.mx\/index.php\/wp-json\/wp\/v2\/posts"}],"about":[{"href":"https:\/\/politicosaldesnudo.com.mx\/index.php\/wp-json\/wp\/v2\/types\/post"}],"author":[{"embeddable":true,"href":"https:\/\/politicosaldesnudo.com.mx\/index.php\/wp-json\/wp\/v2\/users\/4"}],"replies":[{"embeddable":true,"href":"https:\/\/politicosaldesnudo.com.mx\/index.php\/wp-json\/wp\/v2\/comments?post=67560"}],"version-history":[{"count":0,"href":"https:\/\/politicosaldesnudo.com.mx\/index.php\/wp-json\/wp\/v2\/posts\/67560\/revisions"}],"wp:featuredmedia":[{"embeddable":true,"href":"https:\/\/politicosaldesnudo.com.mx\/index.php\/wp-json\/wp\/v2\/media\/36965"}],"wp:attachment":[{"href":"https:\/\/politicosaldesnudo.com.mx\/index.php\/wp-json\/wp\/v2\/media?parent=67560"}],"wp:term":[{"taxonomy":"category","embeddable":true,"href":"https:\/\/politicosaldesnudo.com.mx\/index.php\/wp-json\/wp\/v2\/categories?post=67560"},{"taxonomy":"post_tag","embeddable":true,"href":"https:\/\/politicosaldesnudo.com.mx\/index.php\/wp-json\/wp\/v2\/tags?post=67560"}],"curies":[{"name":"wp","href":"https:\/\/api.w.org\/{rel}","templated":true}]}}