{"id":67572,"date":"2025-07-24T17:40:27","date_gmt":"2025-07-24T23:40:27","guid":{"rendered":"https:\/\/politicosaldesnudo.com.mx\/?p=67572"},"modified":"2025-07-25T20:14:54","modified_gmt":"2025-07-26T02:14:54","slug":"familia-entrega-en-donacion-al-ayuntamiento-de-tuxpan-una-pieza-de-rasgos-arqueologicos-denominada-glifo","status":"publish","type":"post","link":"https:\/\/politicosaldesnudo.com.mx\/index.php\/2025\/07\/24\/familia-entrega-en-donacion-al-ayuntamiento-de-tuxpan-una-pieza-de-rasgos-arqueologicos-denominada-glifo\/","title":{"rendered":"Familia entrega en donaci\u00f3n, al Ayuntamiento de Tuxpan, una pieza de rasgos arqueol\u00f3gicos denominada \u201cGlifo\u201d"},"content":{"rendered":"<p>\u2022 El INAH ser\u00e1 el encargado de su autentificaci\u00f3n, registro y curado.<\/p>\n<p>Tuxpan, Ver., 24 de julio de 2025. &#8211; El Gobierno de Tuxpan que preside el Dr. Jes\u00fas Fomperoza Torres, inici\u00f3 la guarda y custodia de una pieza de rasgos arqueol\u00f3gicos que permanec\u00eda en un domicilio de la colonia Escudero y fue entregada de manera voluntaria por una familia, a trav\u00e9s de la direcci\u00f3n de Cultura, Museos y Bibliotecas.<\/p>\n<p><img data-recalc-dims=\"1\" loading=\"lazy\" decoding=\"async\" class=\"aligncenter size-large wp-image-67573\" src=\"https:\/\/i0.wp.com\/politicosaldesnudo.com.mx\/wp-content\/uploads\/2025\/07\/WhatsApp-Image-2025-07-24-at-17.20.02-1-1024x853.jpeg?resize=800%2C666&#038;ssl=1\" alt=\"\" width=\"800\" height=\"666\" srcset=\"https:\/\/i0.wp.com\/politicosaldesnudo.com.mx\/wp-content\/uploads\/2025\/07\/WhatsApp-Image-2025-07-24-at-17.20.02-1.jpeg?resize=1024%2C853&amp;ssl=1 1024w, https:\/\/i0.wp.com\/politicosaldesnudo.com.mx\/wp-content\/uploads\/2025\/07\/WhatsApp-Image-2025-07-24-at-17.20.02-1.jpeg?resize=300%2C250&amp;ssl=1 300w, https:\/\/i0.wp.com\/politicosaldesnudo.com.mx\/wp-content\/uploads\/2025\/07\/WhatsApp-Image-2025-07-24-at-17.20.02-1.jpeg?resize=768%2C640&amp;ssl=1 768w, https:\/\/i0.wp.com\/politicosaldesnudo.com.mx\/wp-content\/uploads\/2025\/07\/WhatsApp-Image-2025-07-24-at-17.20.02-1.jpeg?resize=1536%2C1280&amp;ssl=1 1536w, https:\/\/i0.wp.com\/politicosaldesnudo.com.mx\/wp-content\/uploads\/2025\/07\/WhatsApp-Image-2025-07-24-at-17.20.02-1.jpeg?w=1600&amp;ssl=1 1600w\" sizes=\"auto, (max-width: 800px) 100vw, 800px\" \/><\/p>\n<p>El Ayuntamiento realizar\u00e1 los tr\u00e1mites correspondientes ante la Secretar\u00eda de Cultura y el Instituto Nacional de Antropolog\u00eda e Historia (INAH), para que se lleve a cabo su autentificaci\u00f3n, registro y en su caso, curado (trabajos de conservaci\u00f3n).<\/p>\n<p>La citada pieza consiste en una piedra con imagen de glifo, con medidas de 50x80x13 cent\u00edmetros.<\/p>\n<p><img data-recalc-dims=\"1\" loading=\"lazy\" decoding=\"async\" class=\"aligncenter size-large wp-image-67574\" src=\"https:\/\/i0.wp.com\/politicosaldesnudo.com.mx\/wp-content\/uploads\/2025\/07\/WhatsApp-Image-2025-07-24-at-17.20.02-2-1024x791.jpeg?resize=800%2C618&#038;ssl=1\" alt=\"\" width=\"800\" height=\"618\" srcset=\"https:\/\/i0.wp.com\/politicosaldesnudo.com.mx\/wp-content\/uploads\/2025\/07\/WhatsApp-Image-2025-07-24-at-17.20.02-2.jpeg?resize=1024%2C791&amp;ssl=1 1024w, https:\/\/i0.wp.com\/politicosaldesnudo.com.mx\/wp-content\/uploads\/2025\/07\/WhatsApp-Image-2025-07-24-at-17.20.02-2.jpeg?resize=300%2C232&amp;ssl=1 300w, https:\/\/i0.wp.com\/politicosaldesnudo.com.mx\/wp-content\/uploads\/2025\/07\/WhatsApp-Image-2025-07-24-at-17.20.02-2.jpeg?resize=768%2C593&amp;ssl=1 768w, https:\/\/i0.wp.com\/politicosaldesnudo.com.mx\/wp-content\/uploads\/2025\/07\/WhatsApp-Image-2025-07-24-at-17.20.02-2.jpeg?resize=1536%2C1187&amp;ssl=1 1536w, https:\/\/i0.wp.com\/politicosaldesnudo.com.mx\/wp-content\/uploads\/2025\/07\/WhatsApp-Image-2025-07-24-at-17.20.02-2.jpeg?w=1600&amp;ssl=1 1600w\" sizes=\"auto, (max-width: 800px) 100vw, 800px\" \/><\/p>\n<p>Participaron en la firma del acta de entrega de guarda y custodia, en calidad de recepcionantes, la directora de Cultura, Museos y Biblioteca, Mtra. Mar\u00eda de la Soledad Miquelajauregui Guzm\u00e1n y el Lic. Agust\u00edn Esp\u00edndola Gonz\u00e1lez, titular del \u00d3rgano de Control Interno.<\/p>\n<p>En calidad de testigos el Lic. Eduardo Andrade Rocha, director de Asuntos Jur\u00eddicos, y el secretario t\u00e9cnico del Ayuntamiento, Lic. Juan Pablo Alc\u00e1ntar Alvarado.<\/p>\n","protected":false},"excerpt":{"rendered":"<p>\u2022 El INAH ser\u00e1 el encargado de su autentificaci\u00f3n, registro y curado. Tuxpan, Ver., 24 de julio de 2025. &#8211;<\/p>\n","protected":false},"author":4,"featured_media":67575,"comment_status":"closed","ping_status":"closed","sticky":false,"template":"","format":"standard","meta":{"colormag_page_container_layout":"default_layout","colormag_page_sidebar_layout":"default_layout","_jetpack_memberships_contains_paid_content":false,"footnotes":"","jetpack_publicize_message":"","jetpack_publicize_feature_enabled":true,"jetpack_social_post_already_shared":true,"jetpack_social_options":{"image_generator_settings":{"template":"highway","default_image_id":0,"font":"","enabled":false},"version":2}},"categories":[3205,1082],"tags":[],"class_list":["post-67572","post","type-post","status-publish","format-standard","has-post-thumbnail","hentry","category-gobierno-tuxpan","category-tuxpan"],"jetpack_publicize_connections":[],"jetpack_featured_media_url":"https:\/\/i0.wp.com\/politicosaldesnudo.com.mx\/wp-content\/uploads\/2025\/07\/WhatsApp-Image-2025-07-24-at-17.20.02.jpeg?fit=1600%2C1053&ssl=1","jetpack-related-posts":[],"jetpack_sharing_enabled":true,"_links":{"self":[{"href":"https:\/\/politicosaldesnudo.com.mx\/index.php\/wp-json\/wp\/v2\/posts\/67572","targetHints":{"allow":["GET"]}}],"collection":[{"href":"https:\/\/politicosaldesnudo.com.mx\/index.php\/wp-json\/wp\/v2\/posts"}],"about":[{"href":"https:\/\/politicosaldesnudo.com.mx\/index.php\/wp-json\/wp\/v2\/types\/post"}],"author":[{"embeddable":true,"href":"https:\/\/politicosaldesnudo.com.mx\/index.php\/wp-json\/wp\/v2\/users\/4"}],"replies":[{"embeddable":true,"href":"https:\/\/politicosaldesnudo.com.mx\/index.php\/wp-json\/wp\/v2\/comments?post=67572"}],"version-history":[{"count":0,"href":"https:\/\/politicosaldesnudo.com.mx\/index.php\/wp-json\/wp\/v2\/posts\/67572\/revisions"}],"wp:featuredmedia":[{"embeddable":true,"href":"https:\/\/politicosaldesnudo.com.mx\/index.php\/wp-json\/wp\/v2\/media\/67575"}],"wp:attachment":[{"href":"https:\/\/politicosaldesnudo.com.mx\/index.php\/wp-json\/wp\/v2\/media?parent=67572"}],"wp:term":[{"taxonomy":"category","embeddable":true,"href":"https:\/\/politicosaldesnudo.com.mx\/index.php\/wp-json\/wp\/v2\/categories?post=67572"},{"taxonomy":"post_tag","embeddable":true,"href":"https:\/\/politicosaldesnudo.com.mx\/index.php\/wp-json\/wp\/v2\/tags?post=67572"}],"curies":[{"name":"wp","href":"https:\/\/api.w.org\/{rel}","templated":true}]}}