{"id":67605,"date":"2025-07-26T00:08:51","date_gmt":"2025-07-26T06:08:51","guid":{"rendered":"https:\/\/politicosaldesnudo.com.mx\/?p=67605"},"modified":"2025-07-25T21:35:53","modified_gmt":"2025-07-26T03:35:53","slug":"el-poder-debe-ejercerse-con-humildad-dice-sheinbaum-sobre-politicos-vacacionando-en-europa","status":"publish","type":"post","link":"https:\/\/politicosaldesnudo.com.mx\/index.php\/2025\/07\/26\/el-poder-debe-ejercerse-con-humildad-dice-sheinbaum-sobre-politicos-vacacionando-en-europa\/","title":{"rendered":"El poder debe ejercerse con humildad, dice Sheinbaum sobre pol\u00edticos vacacionando en Europa"},"content":{"rendered":"<p class=\"nota-justify\">La presidenta Claudia Sheinbaum Pardo asegur\u00f3 este viernes que no da instrucciones a nadie fuera de su gabinete, al ser cuestionada por las im\u00e1genes que han circulado en redes sociales de legisladores y pol\u00edticos vacacionando en Europa. En su conferencia de prensa en Palacio Nacional, reiter\u00f3 que el poder debe ejercerse con humildad y que los viajes, mientras sean con recursos personales, no constituyen una falta.<\/p>\n<p class=\"nota-justify\">\u201cYo no les doy instrucciones m\u00e1s que a mi gabinete para desarrollar las actividades que tenemos que desarrollar en funci\u00f3n de nuestro programa de gobierno\u201d, declar\u00f3. \u201cEntonces, yo no le doy instrucciones a los diputados. Lo que s\u00ed digo es lo que pienso, y pienso que el poder es humildad y hay que ejercerlo de esa manera, y que hay que ser austeros\u201d.<\/p>\n<p class=\"nota-justify\">Las declaraciones se dan luego de que diversos actores pol\u00edticos de Morena y aliados fueran captados disfrutando del verano en destinos europeos, lo que ha provocado cr\u00edticas en redes sociales. La presidenta fue clara en se\u00f1alar que no se trata de un acto ilegal, siempre y cuando los viajes no impliquen el uso de recursos p\u00fablicos.<\/p>\n<p class=\"nota-justify\">\u201cLo primero es que mientras sean recursos personales, no p\u00fablicos, porque eso s\u00ed ya tendr\u00eda otra connotaci\u00f3n, las personas tienen derecho a vacacionar. Mi posici\u00f3n, y siempre lo he dicho y as\u00ed nos aval\u00f3 el pueblo siempre, es que el ejercicio del poder en la Cuarta Transformaci\u00f3n debe ser con humildad. El poder es humildad y eso tiene que mostrarse en cualquier acci\u00f3n que desarrollamos\u201d, expres\u00f3.<\/p>\n<p class=\"nota-justify\">Consultada sobre si este tipo de im\u00e1genes pueden tener un impacto negativo en el movimiento, Sheinbaum minimiz\u00f3 esa posibilidad: \u201cCada quien estamos a evaluaci\u00f3n de la gente, todos, pero el movimiento es muy fuerte y se sabe d\u00f3nde est\u00e1n los principios, eso es lo importante\u201d.<br \/>\nA\u00f1adi\u00f3 que no se est\u00e1 incurriendo en ninguna falta legal: \u201cNo se est\u00e1 cometiendo ning\u00fan delito, porque finalmente se est\u00e1n utilizando sus propios recursos para irse de vacaciones. Cada quien act\u00faa de acuerdo a su visi\u00f3n, pero el movimiento es muy fuerte y la gente a cada quien lo valora y lo eval\u00faa\u201d.<\/p>\n","protected":false},"excerpt":{"rendered":"<p>La presidenta Claudia Sheinbaum Pardo asegur\u00f3 este viernes que no da instrucciones a nadie fuera de su gabinete, al ser<\/p>\n","protected":false},"author":4,"featured_media":67606,"comment_status":"closed","ping_status":"closed","sticky":false,"template":"","format":"standard","meta":{"colormag_page_container_layout":"default_layout","colormag_page_sidebar_layout":"default_layout","_jetpack_memberships_contains_paid_content":false,"footnotes":"","jetpack_publicize_message":"","jetpack_publicize_feature_enabled":true,"jetpack_social_post_already_shared":true,"jetpack_social_options":{"image_generator_settings":{"template":"highway","default_image_id":0,"font":"","enabled":false},"version":2}},"categories":[33],"tags":[],"class_list":["post-67605","post","type-post","status-publish","format-standard","has-post-thumbnail","hentry","category-nacional"],"jetpack_publicize_connections":[],"jetpack_featured_media_url":"https:\/\/i0.wp.com\/politicosaldesnudo.com.mx\/wp-content\/uploads\/2025\/07\/CIRC.jpg?fit=773%2C515&ssl=1","jetpack-related-posts":[],"jetpack_sharing_enabled":true,"_links":{"self":[{"href":"https:\/\/politicosaldesnudo.com.mx\/index.php\/wp-json\/wp\/v2\/posts\/67605","targetHints":{"allow":["GET"]}}],"collection":[{"href":"https:\/\/politicosaldesnudo.com.mx\/index.php\/wp-json\/wp\/v2\/posts"}],"about":[{"href":"https:\/\/politicosaldesnudo.com.mx\/index.php\/wp-json\/wp\/v2\/types\/post"}],"author":[{"embeddable":true,"href":"https:\/\/politicosaldesnudo.com.mx\/index.php\/wp-json\/wp\/v2\/users\/4"}],"replies":[{"embeddable":true,"href":"https:\/\/politicosaldesnudo.com.mx\/index.php\/wp-json\/wp\/v2\/comments?post=67605"}],"version-history":[{"count":0,"href":"https:\/\/politicosaldesnudo.com.mx\/index.php\/wp-json\/wp\/v2\/posts\/67605\/revisions"}],"wp:featuredmedia":[{"embeddable":true,"href":"https:\/\/politicosaldesnudo.com.mx\/index.php\/wp-json\/wp\/v2\/media\/67606"}],"wp:attachment":[{"href":"https:\/\/politicosaldesnudo.com.mx\/index.php\/wp-json\/wp\/v2\/media?parent=67605"}],"wp:term":[{"taxonomy":"category","embeddable":true,"href":"https:\/\/politicosaldesnudo.com.mx\/index.php\/wp-json\/wp\/v2\/categories?post=67605"},{"taxonomy":"post_tag","embeddable":true,"href":"https:\/\/politicosaldesnudo.com.mx\/index.php\/wp-json\/wp\/v2\/tags?post=67605"}],"curies":[{"name":"wp","href":"https:\/\/api.w.org\/{rel}","templated":true}]}}