{"id":67795,"date":"2025-07-29T21:13:42","date_gmt":"2025-07-30T03:13:42","guid":{"rendered":"https:\/\/politicosaldesnudo.com.mx\/?p=67795"},"modified":"2025-07-29T21:13:42","modified_gmt":"2025-07-30T03:13:42","slug":"proteccion-civil-mantiene-el-aviso-especial-por-temporal-lluvioso-y-tuxpan-exhorta-a-la-poblacion-a-tomar-precauciones","status":"publish","type":"post","link":"https:\/\/politicosaldesnudo.com.mx\/index.php\/2025\/07\/29\/proteccion-civil-mantiene-el-aviso-especial-por-temporal-lluvioso-y-tuxpan-exhorta-a-la-poblacion-a-tomar-precauciones\/","title":{"rendered":"Protecci\u00f3n Civil mantiene el \u201cAviso Especial\u201d por Temporal Lluvioso y Tuxpan exhorta a la poblaci\u00f3n a tomar precauciones"},"content":{"rendered":"<p>Tuxpan, Ver., 29 de julio de 2025.- Esta ma\u00f1ana la Secretar\u00eda de Protecci\u00f3n Civil de Gobierno del Estado public\u00f3 un \u201cAviso Especial\u201d por Temporal Lluvioso, por lo que el Ayuntamiento de Tuxpan exhorta a la poblaci\u00f3n a estar atentos y tomar precauciones.<\/p>\n<p>Si bien las mayores precipitaciones se presentar\u00e1n en la zona sur y centro, existen condiciones para lluvias fuertes en el norte de Veracruz, como las ocurridas el d\u00eda de ayer.<\/p>\n<p>En \u00e1reas de fuertes precipitaciones existe probabilidad de:<\/p>\n<p>*Deslaves, derrumbes y deslizamientos.<br \/>\n*Encharcamientos e inundaciones pluviales y fluviales.<br \/>\n*Crecidas de r\u00edos y arroyos de respuesta r\u00e1pida.<br \/>\n*Destechamientos, ca\u00edda de \u00e1rboles u otros objetos.<\/p>\n<p>SISTEMAS METEOROL\u00d3GICOS Y SU PREVISI\u00d3N. De acuerdo con los modelos de pron\u00f3stico, en los pr\u00f3ximos d\u00edas se espera sigan dominando sistemas de baja presi\u00f3n sobre la mayor parte del territorio nacional, Golfo de M\u00e9xico, Pac\u00edfico Oriental y Mar Caribe, entre ellos una vaguada sobre el suroeste del Golfo de M\u00e9xico y el paso de las ondas tropicales 16 y 17, la primera con eje al sur de Guerrero y la segunda con eje sobre y al sur de Quintana Roo.<\/p>\n<p>Tales sistemas inestables seguir\u00e1n aportando humedad al territorio nacional que, en combinaci\u00f3n con el comportamiento del viento en altura, mantendr\u00e1n el potencial para lluvias y tormentas (lluvias intensas, descargas el\u00e9ctricas, viento en rachas, posibles granizadas y en ocasiones torbellinos) en el estado de Veracruz, donde no se descartan eventos localmente fuertes e intensos.<\/p>\n","protected":false},"excerpt":{"rendered":"<p>Tuxpan, Ver., 29 de julio de 2025.- Esta ma\u00f1ana la Secretar\u00eda de Protecci\u00f3n Civil de Gobierno del Estado public\u00f3 un<\/p>\n","protected":false},"author":4,"featured_media":67796,"comment_status":"closed","ping_status":"closed","sticky":false,"template":"","format":"standard","meta":{"colormag_page_container_layout":"default_layout","colormag_page_sidebar_layout":"default_layout","_jetpack_memberships_contains_paid_content":false,"footnotes":"","jetpack_publicize_message":"","jetpack_publicize_feature_enabled":true,"jetpack_social_post_already_shared":true,"jetpack_social_options":{"image_generator_settings":{"template":"highway","default_image_id":0,"font":"","enabled":false},"version":2}},"categories":[3205,1082],"tags":[],"class_list":["post-67795","post","type-post","status-publish","format-standard","has-post-thumbnail","hentry","category-gobierno-tuxpan","category-tuxpan"],"jetpack_publicize_connections":[],"jetpack_featured_media_url":"https:\/\/i0.wp.com\/politicosaldesnudo.com.mx\/wp-content\/uploads\/2025\/07\/WhatsApp-Image-2025-07-29-at-11.20.23.jpeg?fit=940%2C788&ssl=1","jetpack-related-posts":[],"jetpack_sharing_enabled":true,"_links":{"self":[{"href":"https:\/\/politicosaldesnudo.com.mx\/index.php\/wp-json\/wp\/v2\/posts\/67795","targetHints":{"allow":["GET"]}}],"collection":[{"href":"https:\/\/politicosaldesnudo.com.mx\/index.php\/wp-json\/wp\/v2\/posts"}],"about":[{"href":"https:\/\/politicosaldesnudo.com.mx\/index.php\/wp-json\/wp\/v2\/types\/post"}],"author":[{"embeddable":true,"href":"https:\/\/politicosaldesnudo.com.mx\/index.php\/wp-json\/wp\/v2\/users\/4"}],"replies":[{"embeddable":true,"href":"https:\/\/politicosaldesnudo.com.mx\/index.php\/wp-json\/wp\/v2\/comments?post=67795"}],"version-history":[{"count":0,"href":"https:\/\/politicosaldesnudo.com.mx\/index.php\/wp-json\/wp\/v2\/posts\/67795\/revisions"}],"wp:featuredmedia":[{"embeddable":true,"href":"https:\/\/politicosaldesnudo.com.mx\/index.php\/wp-json\/wp\/v2\/media\/67796"}],"wp:attachment":[{"href":"https:\/\/politicosaldesnudo.com.mx\/index.php\/wp-json\/wp\/v2\/media?parent=67795"}],"wp:term":[{"taxonomy":"category","embeddable":true,"href":"https:\/\/politicosaldesnudo.com.mx\/index.php\/wp-json\/wp\/v2\/categories?post=67795"},{"taxonomy":"post_tag","embeddable":true,"href":"https:\/\/politicosaldesnudo.com.mx\/index.php\/wp-json\/wp\/v2\/tags?post=67795"}],"curies":[{"name":"wp","href":"https:\/\/api.w.org\/{rel}","templated":true}]}}