{"id":67828,"date":"2025-07-30T00:11:32","date_gmt":"2025-07-30T06:11:32","guid":{"rendered":"https:\/\/politicosaldesnudo.com.mx\/?p=67828"},"modified":"2025-07-29T21:54:44","modified_gmt":"2025-07-30T03:54:44","slug":"reconoce-e-impulsa-se-a-las-cooperativas-de-mexico","status":"publish","type":"post","link":"https:\/\/politicosaldesnudo.com.mx\/index.php\/2025\/07\/30\/reconoce-e-impulsa-se-a-las-cooperativas-de-mexico\/","title":{"rendered":"Reconoce e impulsa SE a las cooperativas de M\u00e9xico"},"content":{"rendered":"<div id=\"article-content-tts\" class=\"nota-contenido mb-5\">\n<div id=\"content_nitf\">\n<p class=\"nota-justify\">La Secretar\u00eda de Econom\u00eda (SE) tiene el objetivo de fortalecer a las miles de cooperativas que existen en el pa\u00eds, de modo que puedan ser parte de la estrategia econ\u00f3mica del pa\u00eds, se\u00f1al\u00f3 este martes su titular Marcelo Ebrard Casaub\u00f3n.<\/p>\n<p class=\"nota-justify\">Al inaugurar el \u201c1er Encuentro de Econom\u00eda Social\u201d, el funcionario destac\u00f3 que en este evento se busca respaldar al crecimiento de las cooperativas del pa\u00eds, as\u00ed como escalar su dimensi\u00f3n y su tama\u00f1o.<\/p>\n<p class=\"nota-justify\">El evento se realiza en el marco del \u201cA\u00f1o Internacional de las Cooperativas\u201d decretado por la ONU, subrayando el papel fundamental que desempe\u00f1an en el desarrollo sostenible de las naciones.<\/p>\n<p class=\"nota-justify\">Ebrard Casaub\u00f3n resalt\u00f3 que la Secretar\u00eda de Econom\u00eda redoblar\u00e1 esfuerzos para impulsar la generaci\u00f3n de pol\u00edticas p\u00fablicas y acciones de apoyo concreto a la econom\u00eda social y solidaria en un trabajo conjunto y transversal con las dependencias y entidades del gobierno de M\u00e9xico.<\/p>\n<p class=\"nota-justify\">Por su parte, el responsable del sector Econom\u00eda Social y Solidaria, Luis Guti\u00e9rrez Reyes, destac\u00f3 que la reuni\u00f3n de hoy es la primera en su tipo.<\/p>\n<p class=\"nota-justify\">Este encuentro entre actores clave del gobierno de M\u00e9xico y la ciudadan\u00eda, responde a una fuerte solicitud del sector Econ\u00f3mico Social de M\u00e9xico de ser escuchados y tomados en cuenta.<\/p>\n<p class=\"nota-justify\">Es por ello que, como parte de la estrategia de desarrollo econ\u00f3mico del sexenio, el secretario de Econom\u00eda decidi\u00f3 incluir al Sector Econom\u00eda Social y Solidaria como parte de los Sectores Econ\u00f3micos del Bienestar con lo que se tiene una vinculaci\u00f3n directa entre cooperativas, ejidos, empresas sociales y organizaciones de trabajadores con la dependencia para coadyuvar en la resoluci\u00f3n de problem\u00e1ticas, impulsarlas y fortalecer su crecimiento.<\/p>\n<p class=\"nota-justify\">La Econom\u00eda Social, se\u00f1al\u00f3 el titular de la SE, ha sido por d\u00e9cadas una pieza fundamental para el desarrollo econ\u00f3mico de las familias mexicanas, pues representa una opci\u00f3n real y efectiva para enfrentar desaf\u00edos estructurales como la desigualdad, la exclusi\u00f3n financiera y la falta de oportunidades en las regiones m\u00e1s apartadas del pa\u00eds.<\/p>\n<p class=\"nota-justify\">Actualmente existen sociedades cooperativas de productos, consumo, servicios y de ahorro y pr\u00e9stamo. Seg\u00fan datos del Estudio de Caso sobre la Econom\u00eda Social de M\u00e9xico realizado por el INEGI, el sector representa el 1.6 por ciento del Producto Interno Bruto a nivel nacional y genera m\u00e1s de un mill\u00f3n setecientos mil puestos de trabajo remunerados.<\/p>\n<p class=\"nota-justify\">Este evento que tendr\u00e1 duraci\u00f3n de dos d\u00edas contar\u00e1 con la participaci\u00f3n de 90 cooperativas y empresas sociales de 21 estados de la Rep\u00fablica Mexicana, dedicadas a un gran n\u00famero de actividades como producci\u00f3n de miel, caf\u00e9, sal y leche, otras innovadoras de captaci\u00f3n de agua de lluvia, ciberseguridad y consultor\u00eda cient\u00edfica, tambi\u00e9n habr\u00e1 textiles, de reposter\u00eda, suplementaci\u00f3n de minerales, calzado, alimentos de amaranto y por supuesto las de ahorro y pr\u00e9stamo, todas agentes clave del desarrollo econ\u00f3mico de este gran pa\u00eds, adem\u00e1s 41 de ellas recibir\u00e1n el certificado \u201cHecho en M\u00e9xico\u201d.<\/p>\n<\/div>\n<\/div>\n<div class=\"notas-relacionadas\"><\/div>\n<div class=\"nota-tags\"><\/div>\n","protected":false},"excerpt":{"rendered":"<p>La Secretar\u00eda de Econom\u00eda (SE) tiene el objetivo de fortalecer a las miles de cooperativas que existen en el pa\u00eds,<\/p>\n","protected":false},"author":4,"featured_media":67829,"comment_status":"closed","ping_status":"closed","sticky":false,"template":"","format":"standard","meta":{"colormag_page_container_layout":"default_layout","colormag_page_sidebar_layout":"default_layout","_jetpack_memberships_contains_paid_content":false,"footnotes":"","jetpack_publicize_message":"","jetpack_publicize_feature_enabled":true,"jetpack_social_post_already_shared":true,"jetpack_social_options":{"image_generator_settings":{"template":"highway","default_image_id":0,"font":"","enabled":false},"version":2}},"categories":[2050],"tags":[],"class_list":["post-67828","post","type-post","status-publish","format-standard","has-post-thumbnail","hentry","category-economia"],"jetpack_publicize_connections":[],"jetpack_featured_media_url":"https:\/\/i0.wp.com\/politicosaldesnudo.com.mx\/wp-content\/uploads\/2025\/07\/PUIUUU.jpg?fit=718%2C509&ssl=1","jetpack-related-posts":[],"jetpack_sharing_enabled":true,"_links":{"self":[{"href":"https:\/\/politicosaldesnudo.com.mx\/index.php\/wp-json\/wp\/v2\/posts\/67828","targetHints":{"allow":["GET"]}}],"collection":[{"href":"https:\/\/politicosaldesnudo.com.mx\/index.php\/wp-json\/wp\/v2\/posts"}],"about":[{"href":"https:\/\/politicosaldesnudo.com.mx\/index.php\/wp-json\/wp\/v2\/types\/post"}],"author":[{"embeddable":true,"href":"https:\/\/politicosaldesnudo.com.mx\/index.php\/wp-json\/wp\/v2\/users\/4"}],"replies":[{"embeddable":true,"href":"https:\/\/politicosaldesnudo.com.mx\/index.php\/wp-json\/wp\/v2\/comments?post=67828"}],"version-history":[{"count":0,"href":"https:\/\/politicosaldesnudo.com.mx\/index.php\/wp-json\/wp\/v2\/posts\/67828\/revisions"}],"wp:featuredmedia":[{"embeddable":true,"href":"https:\/\/politicosaldesnudo.com.mx\/index.php\/wp-json\/wp\/v2\/media\/67829"}],"wp:attachment":[{"href":"https:\/\/politicosaldesnudo.com.mx\/index.php\/wp-json\/wp\/v2\/media?parent=67828"}],"wp:term":[{"taxonomy":"category","embeddable":true,"href":"https:\/\/politicosaldesnudo.com.mx\/index.php\/wp-json\/wp\/v2\/categories?post=67828"},{"taxonomy":"post_tag","embeddable":true,"href":"https:\/\/politicosaldesnudo.com.mx\/index.php\/wp-json\/wp\/v2\/tags?post=67828"}],"curies":[{"name":"wp","href":"https:\/\/api.w.org\/{rel}","templated":true}]}}