{"id":67884,"date":"2025-07-31T00:02:52","date_gmt":"2025-07-31T06:02:52","guid":{"rendered":"https:\/\/politicosaldesnudo.com.mx\/?p=67884"},"modified":"2025-07-30T21:25:35","modified_gmt":"2025-07-31T03:25:35","slug":"dif-tuxpan-transforma-caic","status":"publish","type":"post","link":"https:\/\/politicosaldesnudo.com.mx\/index.php\/2025\/07\/31\/dif-tuxpan-transforma-caic\/","title":{"rendered":"DIF Tuxpan transforma CAIC"},"content":{"rendered":"<p>La presidenta del Sistema Municipal para el Desarrollo Integral de la Familia (DIF) Tuxpan, Melba L\u00f3pez Guti\u00e9rrez inaugur\u00f3 la rehabilitaci\u00f3n y equipamiento del Centros de Atenci\u00f3n Infantil Comunitario (CAIC) Baltazar, trabajos que se realizaron con recursos municipales.<\/p>\n<p>En un recinto totalmente transformado, la titular del DIF local mencion\u00f3 que ya est\u00e1 listo para albergar m\u00e1s generaciones de ni\u00f1as y ni\u00f1os que inician su camino en su formaci\u00f3n de educaci\u00f3n preescolar.<\/p>\n<p>\u201cNos propusimos la meta de rehabilitar los Centros de Atenci\u00f3n Infantil Comunitarios\u2026 y \u00a1lo estamos cumpliendo! En el CAIC Baltazar se realizaron trabajos de pintura, limpieza, rehabilitaci\u00f3n del sistema de agua con su tinaco para los ba\u00f1os, se colocaron juegos, cercado del lugar y barandal. Tambi\u00e9n se hicieron mejoras al techo\u201d, expres\u00f3 L\u00f3pez Guti\u00e9rrez.<\/p>\n<p>A\u00f1adi\u00f3 que estos Centros son el lugar donde cada d\u00eda se siembran valores, se cultivan sue\u00f1os y se construyen los cimientos del aprendizaje, donde los m\u00e1s peque\u00f1os comienzan a descubrir el mundo, a convivir, a crecer y a formarse para la vida.<\/p>\n<p>Para que los CAIC puedan cumplir su noble misi\u00f3n, es indispensable que cuenten con instalaciones seguras, dignas y funcionales, por ello, tambi\u00e9n se han rehabilitado con \u00e1reas verdes y juegos infantiles los de las colonias Villlamar y El Retiro.<\/p>\n<p>Acompa\u00f1ada del Director del DIF Tuxpan, Nelson Hern\u00e1ndez Cruz; del regidor primero, Amado Guti\u00e9rrez Lima; de la Coordinadora de Asistencia Educativa del DIF Municipal, Mar\u00eda Cristina Hern\u00e1ndez Cobos y del sub agente de Baltazar, Alejandro Mart\u00ednez Ramos, la presidenta del organismo asistencial inform\u00f3 que pr\u00f3ximamente se inaugurar\u00e1 el nuevo techado del CAIC DIF.<\/p>\n<p>&nbsp;<\/p>\n","protected":false},"excerpt":{"rendered":"<p>La presidenta del Sistema Municipal para el Desarrollo Integral de la Familia (DIF) Tuxpan, Melba L\u00f3pez Guti\u00e9rrez inaugur\u00f3 la rehabilitaci\u00f3n<\/p>\n","protected":false},"author":4,"featured_media":67885,"comment_status":"closed","ping_status":"closed","sticky":false,"template":"","format":"standard","meta":{"colormag_page_container_layout":"default_layout","colormag_page_sidebar_layout":"default_layout","_jetpack_memberships_contains_paid_content":false,"footnotes":"","jetpack_publicize_message":"","jetpack_publicize_feature_enabled":true,"jetpack_social_post_already_shared":true,"jetpack_social_options":{"image_generator_settings":{"template":"highway","default_image_id":0,"font":"","enabled":false},"version":2}},"categories":[1082],"tags":[],"class_list":["post-67884","post","type-post","status-publish","format-standard","has-post-thumbnail","hentry","category-tuxpan"],"jetpack_publicize_connections":[],"jetpack_featured_media_url":"https:\/\/i0.wp.com\/politicosaldesnudo.com.mx\/wp-content\/uploads\/2025\/07\/CAAIII.jpg?fit=1200%2C746&ssl=1","jetpack-related-posts":[],"jetpack_sharing_enabled":true,"_links":{"self":[{"href":"https:\/\/politicosaldesnudo.com.mx\/index.php\/wp-json\/wp\/v2\/posts\/67884","targetHints":{"allow":["GET"]}}],"collection":[{"href":"https:\/\/politicosaldesnudo.com.mx\/index.php\/wp-json\/wp\/v2\/posts"}],"about":[{"href":"https:\/\/politicosaldesnudo.com.mx\/index.php\/wp-json\/wp\/v2\/types\/post"}],"author":[{"embeddable":true,"href":"https:\/\/politicosaldesnudo.com.mx\/index.php\/wp-json\/wp\/v2\/users\/4"}],"replies":[{"embeddable":true,"href":"https:\/\/politicosaldesnudo.com.mx\/index.php\/wp-json\/wp\/v2\/comments?post=67884"}],"version-history":[{"count":0,"href":"https:\/\/politicosaldesnudo.com.mx\/index.php\/wp-json\/wp\/v2\/posts\/67884\/revisions"}],"wp:featuredmedia":[{"embeddable":true,"href":"https:\/\/politicosaldesnudo.com.mx\/index.php\/wp-json\/wp\/v2\/media\/67885"}],"wp:attachment":[{"href":"https:\/\/politicosaldesnudo.com.mx\/index.php\/wp-json\/wp\/v2\/media?parent=67884"}],"wp:term":[{"taxonomy":"category","embeddable":true,"href":"https:\/\/politicosaldesnudo.com.mx\/index.php\/wp-json\/wp\/v2\/categories?post=67884"},{"taxonomy":"post_tag","embeddable":true,"href":"https:\/\/politicosaldesnudo.com.mx\/index.php\/wp-json\/wp\/v2\/tags?post=67884"}],"curies":[{"name":"wp","href":"https:\/\/api.w.org\/{rel}","templated":true}]}}