{"id":67887,"date":"2025-07-31T00:03:08","date_gmt":"2025-07-31T06:03:08","guid":{"rendered":"https:\/\/politicosaldesnudo.com.mx\/?p=67887"},"modified":"2025-07-30T21:26:35","modified_gmt":"2025-07-31T03:26:35","slug":"combaten-rezago-educativo","status":"publish","type":"post","link":"https:\/\/politicosaldesnudo.com.mx\/index.php\/2025\/07\/31\/combaten-rezago-educativo\/","title":{"rendered":"Combaten rezago educativo"},"content":{"rendered":"<p>Como parte de las acciones para combatir el rezago educativo en Veracruz, y por instrucciones de la gobernadora Roc\u00edo Nahle, la secretaria de Educaci\u00f3n, Claudia Tello, y la directora general Claudia Aguilar, personal del sector educativo particip\u00f3 en las Jornadas por la Paz organizadas por la Secretar\u00eda de Gobernaci\u00f3n. Estas actividades incluyeron mesas de atenci\u00f3n ciudadana en distintos municipios, con el objetivo de brindar oportunidades de regularizaci\u00f3n acad\u00e9mica a j\u00f3venes y adultos que no concluyeron su educaci\u00f3n b\u00e1sica.<\/p>\n<p>En este marco, se instal\u00f3 un m\u00f3dulo de atenci\u00f3n en el municipio de Tuxpan, dirigido a personas mayores de 15 a\u00f1os interesadas en finalizar su primaria o secundaria, especialmente aquellas que necesitaban estos niveles educativos para ingresar al mercado laboral. Durante las jornadas, se aplicaron ex\u00e1menes diagn\u00f3sticos de conocimientos: en el caso de secundaria, se evaluaron nueve materias y para primaria siete. Quienes acreditaron la mayor\u00eda de las asignaturas fueron canalizados con asesores educativos para continuar su proceso y obtener su certificado oficial.<\/p>\n<p>Se llev\u00f3 a cabo la llamada Jornada por la Paz, donde se aplicaron los ex\u00e1menes diagn\u00f3sticos. Fueron beneficiadas aproximadamente 65 personas: 40 en Tuxpan y 25 en \u00c1lamo.<\/p>\n<p>Las autoridades educativas destacaron que gran parte de los participantes eran j\u00f3venes que hab\u00edan reprobado la secundaria en el sistema escolarizado regular, por lo que buscaron esta alternativa para retomar sus estudios. Este esfuerzo permiti\u00f3 ofrecer una opci\u00f3n real para quienes deseaban mejorar su preparaci\u00f3n acad\u00e9mica y aspirar a mejores oportunidades laborales o continuar con su formaci\u00f3n profesional.<\/p>\n","protected":false},"excerpt":{"rendered":"<p>Como parte de las acciones para combatir el rezago educativo en Veracruz, y por instrucciones de la gobernadora Roc\u00edo Nahle,<\/p>\n","protected":false},"author":4,"featured_media":67888,"comment_status":"closed","ping_status":"closed","sticky":false,"template":"","format":"standard","meta":{"colormag_page_container_layout":"default_layout","colormag_page_sidebar_layout":"default_layout","_jetpack_memberships_contains_paid_content":false,"footnotes":"","jetpack_publicize_message":"","jetpack_publicize_feature_enabled":true,"jetpack_social_post_already_shared":true,"jetpack_social_options":{"image_generator_settings":{"template":"highway","default_image_id":0,"font":"","enabled":false},"version":2}},"categories":[1082],"tags":[],"class_list":["post-67887","post","type-post","status-publish","format-standard","has-post-thumbnail","hentry","category-tuxpan"],"jetpack_publicize_connections":[],"jetpack_featured_media_url":"https:\/\/i0.wp.com\/politicosaldesnudo.com.mx\/wp-content\/uploads\/2025\/07\/RTES.jpg?fit=1200%2C497&ssl=1","jetpack-related-posts":[],"jetpack_sharing_enabled":true,"_links":{"self":[{"href":"https:\/\/politicosaldesnudo.com.mx\/index.php\/wp-json\/wp\/v2\/posts\/67887","targetHints":{"allow":["GET"]}}],"collection":[{"href":"https:\/\/politicosaldesnudo.com.mx\/index.php\/wp-json\/wp\/v2\/posts"}],"about":[{"href":"https:\/\/politicosaldesnudo.com.mx\/index.php\/wp-json\/wp\/v2\/types\/post"}],"author":[{"embeddable":true,"href":"https:\/\/politicosaldesnudo.com.mx\/index.php\/wp-json\/wp\/v2\/users\/4"}],"replies":[{"embeddable":true,"href":"https:\/\/politicosaldesnudo.com.mx\/index.php\/wp-json\/wp\/v2\/comments?post=67887"}],"version-history":[{"count":0,"href":"https:\/\/politicosaldesnudo.com.mx\/index.php\/wp-json\/wp\/v2\/posts\/67887\/revisions"}],"wp:featuredmedia":[{"embeddable":true,"href":"https:\/\/politicosaldesnudo.com.mx\/index.php\/wp-json\/wp\/v2\/media\/67888"}],"wp:attachment":[{"href":"https:\/\/politicosaldesnudo.com.mx\/index.php\/wp-json\/wp\/v2\/media?parent=67887"}],"wp:term":[{"taxonomy":"category","embeddable":true,"href":"https:\/\/politicosaldesnudo.com.mx\/index.php\/wp-json\/wp\/v2\/categories?post=67887"},{"taxonomy":"post_tag","embeddable":true,"href":"https:\/\/politicosaldesnudo.com.mx\/index.php\/wp-json\/wp\/v2\/tags?post=67887"}],"curies":[{"name":"wp","href":"https:\/\/api.w.org\/{rel}","templated":true}]}}