{"id":67923,"date":"2025-07-31T00:15:36","date_gmt":"2025-07-31T06:15:36","guid":{"rendered":"https:\/\/politicosaldesnudo.com.mx\/?p=67923"},"modified":"2025-07-30T22:27:45","modified_gmt":"2025-07-31T04:27:45","slug":"se-registran-768-personas-de-37-paises-para-el-encuentro-de-resistencias-zapatistas","status":"publish","type":"post","link":"https:\/\/politicosaldesnudo.com.mx\/index.php\/2025\/07\/31\/se-registran-768-personas-de-37-paises-para-el-encuentro-de-resistencias-zapatistas\/","title":{"rendered":"Se registran 768 personas de 37 pa\u00edses para el Encuentro de Resistencias Zapatistas"},"content":{"rendered":"<p class=\"nota-justify\">Un total de 768 personas de 37 pa\u00edses se han registrado para asistir y participar en el Encuentro de Resistencias y Rebeld\u00edas Algunas Partes del Todo, convocado por el Ej\u00e9rcito Zapatista de Liberaci\u00f3n Nacional (EZLN), inform\u00f3 el Capit\u00e1n\u00a0<i>Marcos<\/i>.<\/p>\n<p class=\"nota-justify\">En un comunicado dijo que a la fecha se han registrado personas de Alemania, Argentina, Australia, B\u00e9lgica, Bolivia, Brasil, Canad\u00e1, Chile, Chipre, Colombia, Dinamarca, Ecuador, Egipto, Eslovenia, El Salvador, Estado Espa\u00f1ol, Estados Unidos, Finlandia, Francia, Gales, Galicia, Ghana, Gran Breta\u00f1a, Grecia, Guatemala, Italia, Kurdist\u00e1n, Los Balcanes, Marruecos, M\u00e9xico, Noruega, Pa\u00eds Vasco, Panam\u00e1, Per\u00fa, Rumania, Suiza, Uruguay.<\/p>\n<p class=\"nota-justify\">Adem\u00e1s, agreg\u00f3, hay \u201cunas 252 participaciones apuntadas\u201d para el encuentro que\u00a0se realizar\u00e1 del 2 al 17 de agosto en el Semillero Comandanta Ramona, del Caracol de Morelia, municipio oficial de Altamirano.<\/p>\n<p class=\"nota-justify\">De acuerdo con la convocatoria difundida por el Subcomandante Mois\u00e9s en junio pasado, la llegada y el registro est\u00e1n programados para el 2 de agosto; la inauguraci\u00f3n para el 3 y la clausura el 16.<\/p>\n<p class=\"nota-justify\">En el comunicado difundido este mi\u00e9rcoles, Marcos incluy\u00f3 \u201cun mensaje corto\u201d para el Centro de Derechos Humanos Fray Bartolom\u00e9 de Las Casas (Frayba), cuya directora, Dora Lilia Roblero sufri\u00f3 el allanamiento de su casa el 22 de julio:<\/p>\n<p class=\"nota-justify\">\u201cTodas las agresiones, hostigamientos, persecuciones y ataques de los malos gobiernos a quienes tienen, en la defensa de los derechos humanos, su vocaci\u00f3n y destino, no son sino la confirmaci\u00f3n de que est\u00e1n cumpliendo con la labor que abrazaron; y que las v\u00edctimas del Poder tienen, en ustedes, una esperanza de verdad y justicia\u201d.<\/p>\n","protected":false},"excerpt":{"rendered":"<p>Un total de 768 personas de 37 pa\u00edses se han registrado para asistir y participar en el Encuentro de Resistencias<\/p>\n","protected":false},"author":4,"featured_media":67924,"comment_status":"closed","ping_status":"closed","sticky":false,"template":"","format":"standard","meta":{"colormag_page_container_layout":"default_layout","colormag_page_sidebar_layout":"default_layout","_jetpack_memberships_contains_paid_content":false,"footnotes":"","jetpack_publicize_message":"","jetpack_publicize_feature_enabled":true,"jetpack_social_post_already_shared":true,"jetpack_social_options":{"image_generator_settings":{"template":"highway","default_image_id":0,"font":"","enabled":false},"version":2}},"categories":[30],"tags":[],"class_list":["post-67923","post","type-post","status-publish","format-standard","has-post-thumbnail","hentry","category-estados"],"jetpack_publicize_connections":[],"jetpack_featured_media_url":"https:\/\/i0.wp.com\/politicosaldesnudo.com.mx\/wp-content\/uploads\/2025\/07\/ZAP.jpg?fit=767%2C488&ssl=1","jetpack-related-posts":[],"jetpack_sharing_enabled":true,"_links":{"self":[{"href":"https:\/\/politicosaldesnudo.com.mx\/index.php\/wp-json\/wp\/v2\/posts\/67923","targetHints":{"allow":["GET"]}}],"collection":[{"href":"https:\/\/politicosaldesnudo.com.mx\/index.php\/wp-json\/wp\/v2\/posts"}],"about":[{"href":"https:\/\/politicosaldesnudo.com.mx\/index.php\/wp-json\/wp\/v2\/types\/post"}],"author":[{"embeddable":true,"href":"https:\/\/politicosaldesnudo.com.mx\/index.php\/wp-json\/wp\/v2\/users\/4"}],"replies":[{"embeddable":true,"href":"https:\/\/politicosaldesnudo.com.mx\/index.php\/wp-json\/wp\/v2\/comments?post=67923"}],"version-history":[{"count":0,"href":"https:\/\/politicosaldesnudo.com.mx\/index.php\/wp-json\/wp\/v2\/posts\/67923\/revisions"}],"wp:featuredmedia":[{"embeddable":true,"href":"https:\/\/politicosaldesnudo.com.mx\/index.php\/wp-json\/wp\/v2\/media\/67924"}],"wp:attachment":[{"href":"https:\/\/politicosaldesnudo.com.mx\/index.php\/wp-json\/wp\/v2\/media?parent=67923"}],"wp:term":[{"taxonomy":"category","embeddable":true,"href":"https:\/\/politicosaldesnudo.com.mx\/index.php\/wp-json\/wp\/v2\/categories?post=67923"},{"taxonomy":"post_tag","embeddable":true,"href":"https:\/\/politicosaldesnudo.com.mx\/index.php\/wp-json\/wp\/v2\/tags?post=67923"}],"curies":[{"name":"wp","href":"https:\/\/api.w.org\/{rel}","templated":true}]}}