{"id":67929,"date":"2025-07-31T00:17:31","date_gmt":"2025-07-31T06:17:31","guid":{"rendered":"https:\/\/politicosaldesnudo.com.mx\/?p=67929"},"modified":"2025-07-30T22:31:40","modified_gmt":"2025-07-31T04:31:40","slug":"zar-fronterizo-reitera-que-trump-aniquilara-a-carteles-mexicanos","status":"publish","type":"post","link":"https:\/\/politicosaldesnudo.com.mx\/index.php\/2025\/07\/31\/zar-fronterizo-reitera-que-trump-aniquilara-a-carteles-mexicanos\/","title":{"rendered":"\u00abZar fronterizo\u00bb reitera que Trump \u00abaniquilar\u00e1\u00bb a c\u00e1rteles mexicanos"},"content":{"rendered":"<div id=\"article-content-tts\" class=\"nota-contenido mb-5\">\n<div id=\"content_nitf\">\n<p>El \u201czar fronterizo\u201d, Tom Homan, reiter\u00f3 ayer que la administraci\u00f3n Trump \u201cva a borrar de la faz de la Tierra\u201d a los c\u00e1rteles mexicanos y asegur\u00f3 que las organizaciones criminales est\u00e1n sufriendo p\u00e9rdidas econ\u00f3micas considerables debido al reforzamiento de la seguridad en la frontera sur, jact\u00e1ndose de que est\u00e1 cumpliendo su promesa de \u201cno s\u00f3lo hacer m\u00e1s seguro a EU, sino tambi\u00e9n M\u00e9xico\u201d.<\/p>\n<p>Durante una conferencia de prensa en la Casa Blanca, Homan se\u00f1al\u00f3 que, a diferencia de administraciones anteriores, los agentes de la Patrulla Fronteriza y del Servicio de Inmigraci\u00f3n y Control de Aduanas (ICE, por sus siglas en ingl\u00e9s) trabajan de manera coordinada y efectiva para contener el cruce ilegal de personas, drogas y armas.<\/p>\n<p>Atribuy\u00f3 el descenso en las incautaciones de fentanilo, m\u00e1s del 50 por ciento, a que \u201ctodos los agentes est\u00e1n ahora en la l\u00ednea, vigilantes, no cambiando pa\u00f1ales ni trasladando personas a hospitales\u201d. Seg\u00fan afirm\u00f3, esta presencia operativa debilit\u00f3 significativamente a los c\u00e1rteles, que anteriormente, bajo la administraci\u00f3n del ex presidente dem\u00f3crata, Joe Biden, hab\u00edan registrado ingresos r\u00e9cord por narcotr\u00e1fico.<\/p>\n<p>El funcionario defendi\u00f3 el uso de \u00f3rdenes ejecutivas por parte del presidente Trump para implementar medidas que, seg\u00fan \u00e9l, otorgaron a Estados Unidos \u201cla frontera m\u00e1s segura en su historia\u201d. Insisti\u00f3 en que por primera vez el pa\u00eds estar\u00eda cerca de alcanzar un \u201ccontrol operativo total\u201d de la frontera sur.<\/p>\n<p>Homan sostuvo que la seguridad fronteriza no puede entenderse sin una aplicaci\u00f3n estricta de la ley migratoria en el interior del pa\u00eds. \u201cNo se puede tener seguridad nacional sin seguridad fronteriza, y no se puede tener seguridad fronteriza sin aplicaci\u00f3n de la ley interior\u201d, declar\u00f3.<\/p>\n<p>Respecto a las relaciones con M\u00e9xico, evit\u00f3 opinar sobre temas econ\u00f3micos como los aranceles, aunque destac\u00f3 que el fortalecimiento de la seguridad fronteriza benefici\u00f3 a ambos pa\u00edses al debilitar a las organizaciones criminales.<\/p>\n<p>\u201cLa mayor\u00eda de las reclamaciones de asilo son rechazadas y reciben \u00f3rdenes de remoci\u00f3n\u201d, a\u00f1adi\u00f3 Homan. Enfatiz\u00f3 que no hacer cumplir estas \u00f3rdenes significar\u00eda, en su opini\u00f3n, invalidar el sistema judicial migratorio. \u201cSi no las ejecutamos, \u00bfqu\u00e9 sentido tiene? Es como si la orden del juez no significar\u00e1 nada\u201d, concluy\u00f3.<\/p>\n<p>Homan agreg\u00f3 que el 70 por ciento de los detenidos por ICE en las \u00faltimas 24 horas fueron identificados como delincuentes, mientras que el 30 por ciento restante inclu\u00eda casos con \u00f3rdenes de deportaci\u00f3n emitidas por jueces, amenazas a la seguridad nacional o miembros de pandillas.<\/p>\n<p>Tambi\u00e9n critic\u00f3 las pol\u00edticas de \u201cciudades santuario\u201d, y se\u00f1al\u00f3 que imped\u00edan a ICE arrestar a personas con antecedentes directamente en las c\u00e1rceles, lo que obligaba a los agentes a detenerlas en sus comunidades, muchas veces acompa\u00f1adas de otros inmigrantes indocumentados.<\/p>\n<\/div>\n<\/div>\n<div class=\"notas-relacionadas\"><\/div>\n<div class=\"nota-tags\"><\/div>\n","protected":false},"excerpt":{"rendered":"<p>El \u201czar fronterizo\u201d, Tom Homan, reiter\u00f3 ayer que la administraci\u00f3n Trump \u201cva a borrar de la faz de la Tierra\u201d<\/p>\n","protected":false},"author":4,"featured_media":67930,"comment_status":"closed","ping_status":"closed","sticky":false,"template":"","format":"standard","meta":{"colormag_page_container_layout":"default_layout","colormag_page_sidebar_layout":"default_layout","_jetpack_memberships_contains_paid_content":false,"footnotes":"","jetpack_publicize_message":"","jetpack_publicize_feature_enabled":true,"jetpack_social_post_already_shared":true,"jetpack_social_options":{"image_generator_settings":{"template":"highway","default_image_id":0,"font":"","enabled":false},"version":2}},"categories":[28],"tags":[],"class_list":["post-67929","post","type-post","status-publish","format-standard","has-post-thumbnail","hentry","category-internacional"],"jetpack_publicize_connections":[],"jetpack_featured_media_url":"https:\/\/i0.wp.com\/politicosaldesnudo.com.mx\/wp-content\/uploads\/2025\/07\/OJALA.jpg?fit=762%2C511&ssl=1","jetpack-related-posts":[],"jetpack_sharing_enabled":true,"_links":{"self":[{"href":"https:\/\/politicosaldesnudo.com.mx\/index.php\/wp-json\/wp\/v2\/posts\/67929","targetHints":{"allow":["GET"]}}],"collection":[{"href":"https:\/\/politicosaldesnudo.com.mx\/index.php\/wp-json\/wp\/v2\/posts"}],"about":[{"href":"https:\/\/politicosaldesnudo.com.mx\/index.php\/wp-json\/wp\/v2\/types\/post"}],"author":[{"embeddable":true,"href":"https:\/\/politicosaldesnudo.com.mx\/index.php\/wp-json\/wp\/v2\/users\/4"}],"replies":[{"embeddable":true,"href":"https:\/\/politicosaldesnudo.com.mx\/index.php\/wp-json\/wp\/v2\/comments?post=67929"}],"version-history":[{"count":0,"href":"https:\/\/politicosaldesnudo.com.mx\/index.php\/wp-json\/wp\/v2\/posts\/67929\/revisions"}],"wp:featuredmedia":[{"embeddable":true,"href":"https:\/\/politicosaldesnudo.com.mx\/index.php\/wp-json\/wp\/v2\/media\/67930"}],"wp:attachment":[{"href":"https:\/\/politicosaldesnudo.com.mx\/index.php\/wp-json\/wp\/v2\/media?parent=67929"}],"wp:term":[{"taxonomy":"category","embeddable":true,"href":"https:\/\/politicosaldesnudo.com.mx\/index.php\/wp-json\/wp\/v2\/categories?post=67929"},{"taxonomy":"post_tag","embeddable":true,"href":"https:\/\/politicosaldesnudo.com.mx\/index.php\/wp-json\/wp\/v2\/tags?post=67929"}],"curies":[{"name":"wp","href":"https:\/\/api.w.org\/{rel}","templated":true}]}}