{"id":67932,"date":"2025-07-31T00:18:11","date_gmt":"2025-07-31T06:18:11","guid":{"rendered":"https:\/\/politicosaldesnudo.com.mx\/?p=67932"},"modified":"2025-07-30T22:33:16","modified_gmt":"2025-07-31T04:33:16","slug":"represion-en-marcha-de-jubilados-deja-varios-heridos-y-detenidos-en-argentina","status":"publish","type":"post","link":"https:\/\/politicosaldesnudo.com.mx\/index.php\/2025\/07\/31\/represion-en-marcha-de-jubilados-deja-varios-heridos-y-detenidos-en-argentina\/","title":{"rendered":"Represi\u00f3n en marcha de jubilados deja varios heridos y detenidos en Argentina"},"content":{"rendered":"<p>Decenas de heridos y cinco detenidos fue el saldo de la violenta represi\u00f3n perpetrada por fuerzas de seguridad argentinas contra jubilados y manifestantes que marchaban pac\u00edficamente en la capital. Con golpes, disparos de granadas de gas pimienta y balas de goma al cuerpo, los uniformados tambi\u00e9n atacaron abierta e injustificadamente a periodistas, fot\u00f3grafos y camar\u00f3grafos. El operativo incluy\u00f3 un n\u00famero triplicado de efectivos en comparaci\u00f3n con movilizaciones anteriores, lo que profundiz\u00f3 la desproporci\u00f3n entre las fuerzas represoras y las v\u00edctimas.<\/p>\n<p>La violencia contra la prensa ya es sistem\u00e1tica, y varios comunicadores han sido amenazados directamente por el presidente Javier Milei. Hace apenas dos d\u00edas, se identific\u00f3 a un gendarme que dispar\u00f3 directamente al rostro de un joven, quien perdi\u00f3 la visi\u00f3n de un ojo. Ese mismo d\u00eda, otro efectivo hiri\u00f3 en la cabeza al fot\u00f3grafo Pablo Grillo durante una protesta de jubilados, el pasado 12 de marzo.<\/p>\n<p>Estos hechos se producen en medio de la ofensiva del Ejecutivo contra decisiones legislativas que buscan aumentar las jubilaciones. Milei ha advertido que vetar\u00e1 cualquier ley aprobada por el Congreso en ese sentido. Actualmente, el haber previsional m\u00ednimo es de 365 mil pesos, mientras que la canasta b\u00e1sica supera el mill\u00f3n. Adem\u00e1s, el gobierno ha anulado derechos por decreto, en violaci\u00f3n de la Constituci\u00f3n Nacional.<\/p>\n<p>Mientras tanto, del 31 de julio al 3 de agosto se celebrar\u00e1 en M\u00e9xico el Congreso Panamericano Anual de Legisladores \u2013 Internacional Progresista. Participar\u00e1n los diputados Leila Chaer, Carolina Gaillard, Tom\u00e1s Ledesma, Ita\u00ed Hagman, la senadora Luc\u00eda Corpacci, y referentes parlamentarios de toda Am\u00e9rica<\/p>\n<p>El 4 de agosto, en la Universidad Nacional Aut\u00f3noma de M\u00e9xico, se realizar\u00e1 el lanzamiento del Comit\u00e9 \u201cCristina Libre\u201d con la presencia de Chaer, Ledesma, el senador Oscar Parrilli, Soledad Magno, argentinos residentes en M\u00e9xico y dirigentes del partido Morena. La campa\u00f1a denunciar\u00e1 ante la comunidad internacional la persecuci\u00f3n judicial contra la exmandataria Cristina Fern\u00e1ndez de Kirchner, quien cumple prisi\u00f3n domiciliaria desde junio por la causa Vialidad, una investigaci\u00f3n judicial sin pruebas concluyentes y plagada de irregularidades.<\/p>\n<p>Fern\u00e1ndez de Kirchner fue tambi\u00e9n vicepresidenta durante el gobierno de Alberto Fern\u00e1ndez (2019-2023). En 2022, sobrevivi\u00f3 a un intento de magnicidio en la puerta de su casa, sin que hasta hoy haya avances en la causa. A ello se suma que la Corte Suprema, controlada por el llamado \u201cPartido Judicial\u201d \u2014estructura impulsada por la embajada de Estados Unidos durante el gobierno de Mauricio Macri\u2014 determin\u00f3 su proscripci\u00f3n pol\u00edtica de por vida, impidi\u00e9ndole competir electoralmente.<\/p>\n<p>La campa\u00f1a \u201cCristina Libre\u201d surgi\u00f3 de forma espont\u00e1nea como consigna de miles de personas que, d\u00eda tras d\u00eda, se concentran frente al domicilio donde cumple arresto domiciliario la expresidenta. All\u00ed, con el objetivo de humillarla, el Ministerio de Seguridad le impuso una tobillera electr\u00f3nica. Reconocidos juristas locales e internacionales han denunciado la existencia de una estrategia de lawfare contra ella, y circula un libro que expone los fundamentos legales que prueban la nulidad del caso.<\/p>\n<p>Del 1 al 4 de agosto se celebrar\u00e1 en Brasil el Congreso Nacional del Partido de los Trabajadores (PT), donde tambi\u00e9n se lanzar\u00e1 el Comit\u00e9 \u201cCristina Libre\u201d con la presencia del excanciller Jorge Taiana y del parlamentario del Mercosur Franco Metaza.<\/p>\n<p>En paralelo, el 2 y 3 de agosto se realizar\u00e1 en Bolivia el Encuentro de Runasur, una articulaci\u00f3n regional compuesta por m\u00e1s de 30 organizaciones de Uruguay, Brasil, Argentina, Chile, Bolivia, Paraguay, Venezuela, Ecuador, Guatemala, M\u00e9xico, Nicaragua, Per\u00fa, Panam\u00e1 y Colombia. All\u00ed, en el Coliseo de Ivirgazama (Cochabamba), tambi\u00e9n se impulsar\u00e1 la campa\u00f1a \u201cCristina Libre\u201d en el marco del Bicentenario del Estado Plurinacional de Bolivia, con la participaci\u00f3n del expresidente Evo Morales.<\/p>\n<p>Argentina atraviesa un momento pol\u00edtico extremadamente cr\u00edtico. El gobierno contin\u00faa endeudando al pa\u00eds y privatizando empresas estrat\u00e9gicas. Recientemente, transfiri\u00f3 la propiedad de una hidroel\u00e9ctrica ubicada en la Patagonia al magnate brit\u00e1nico Joe Lewis, quien adquiri\u00f3 de forma ilegal m\u00e1s de 12 mil hect\u00e1reas en los a\u00f1os noventa y se apropi\u00f3 del Lago Escondido, un hist\u00f3rico atractivo tur\u00edstico en la provincia de R\u00edo Negro.<\/p>\n<p>Seg\u00fan la publicaci\u00f3n Pol\u00edtica On Line, \u201cla represa, ubicada en tierras que forman parte del hist\u00f3rico conflicto por el acceso al Lago Escondido, ser\u00e1 gestionada por Hidden Lake, la sociedad que figura como propietaria de miles de hect\u00e1reas en la Patagonia y que enfrenta m\u00faltiples denuncias\u201d. Adem\u00e1s, el acta de adjudicaci\u00f3n \u201cestablece las condiciones de explotaci\u00f3n y operaci\u00f3n, formalizando un contrato que, m\u00e1s que un tr\u00e1mite administrativo, parece una iron\u00eda de la realidad: el Estado entregando una represa de forma directa a una firma cuestionada por la justicia, los organismos de control y hasta por sus propios vecinos\u201d.<\/p>\n","protected":false},"excerpt":{"rendered":"<p>Decenas de heridos y cinco detenidos fue el saldo de la violenta represi\u00f3n perpetrada por fuerzas de seguridad argentinas contra<\/p>\n","protected":false},"author":4,"featured_media":67933,"comment_status":"closed","ping_status":"closed","sticky":false,"template":"","format":"standard","meta":{"colormag_page_container_layout":"default_layout","colormag_page_sidebar_layout":"default_layout","_jetpack_memberships_contains_paid_content":false,"footnotes":"","jetpack_publicize_message":"","jetpack_publicize_feature_enabled":true,"jetpack_social_post_already_shared":true,"jetpack_social_options":{"image_generator_settings":{"template":"highway","default_image_id":0,"font":"","enabled":false},"version":2}},"categories":[28],"tags":[],"class_list":["post-67932","post","type-post","status-publish","format-standard","has-post-thumbnail","hentry","category-internacional"],"jetpack_publicize_connections":[],"jetpack_featured_media_url":"https:\/\/i0.wp.com\/politicosaldesnudo.com.mx\/wp-content\/uploads\/2025\/07\/POSE.jpg?fit=742%2C522&ssl=1","jetpack-related-posts":[],"jetpack_sharing_enabled":true,"_links":{"self":[{"href":"https:\/\/politicosaldesnudo.com.mx\/index.php\/wp-json\/wp\/v2\/posts\/67932","targetHints":{"allow":["GET"]}}],"collection":[{"href":"https:\/\/politicosaldesnudo.com.mx\/index.php\/wp-json\/wp\/v2\/posts"}],"about":[{"href":"https:\/\/politicosaldesnudo.com.mx\/index.php\/wp-json\/wp\/v2\/types\/post"}],"author":[{"embeddable":true,"href":"https:\/\/politicosaldesnudo.com.mx\/index.php\/wp-json\/wp\/v2\/users\/4"}],"replies":[{"embeddable":true,"href":"https:\/\/politicosaldesnudo.com.mx\/index.php\/wp-json\/wp\/v2\/comments?post=67932"}],"version-history":[{"count":0,"href":"https:\/\/politicosaldesnudo.com.mx\/index.php\/wp-json\/wp\/v2\/posts\/67932\/revisions"}],"wp:featuredmedia":[{"embeddable":true,"href":"https:\/\/politicosaldesnudo.com.mx\/index.php\/wp-json\/wp\/v2\/media\/67933"}],"wp:attachment":[{"href":"https:\/\/politicosaldesnudo.com.mx\/index.php\/wp-json\/wp\/v2\/media?parent=67932"}],"wp:term":[{"taxonomy":"category","embeddable":true,"href":"https:\/\/politicosaldesnudo.com.mx\/index.php\/wp-json\/wp\/v2\/categories?post=67932"},{"taxonomy":"post_tag","embeddable":true,"href":"https:\/\/politicosaldesnudo.com.mx\/index.php\/wp-json\/wp\/v2\/tags?post=67932"}],"curies":[{"name":"wp","href":"https:\/\/api.w.org\/{rel}","templated":true}]}}