{"id":67951,"date":"2025-08-01T00:06:29","date_gmt":"2025-08-01T06:06:29","guid":{"rendered":"https:\/\/politicosaldesnudo.com.mx\/?p=67951"},"modified":"2025-08-01T00:06:29","modified_gmt":"2025-08-01T06:06:29","slug":"van-contra-autos-polarizados","status":"publish","type":"post","link":"https:\/\/politicosaldesnudo.com.mx\/index.php\/2025\/08\/01\/van-contra-autos-polarizados\/","title":{"rendered":"Van contra Autos Polarizados"},"content":{"rendered":"<p>La Direcci\u00f3n de Tr\u00e1nsito y Vialidad de Tuxpan, Veracruz, ha anunciado una serie de operativos destinados a regular el uso de vidrios polarizados en veh\u00edculos particulares.<br \/>\nEl objetivo principal de esta medida es garantizar la seguridad de la poblaci\u00f3n y prevenir actividades il\u00edcitas, ya que el polarizado excesivo dificulta la visibilidad hacia el interior de los autos, lo que podr\u00eda ser aprovechado por delincuentes. Se har\u00e1 especial \u00e9nfasis en los autos que cuentan con polarizados no instalados de f\u00e1brica.<\/p>\n<p>Estos operativos se llevar\u00e1n a cabo en puntos estrat\u00e9gicos de la ciudad y consistir\u00e1n en la revisi\u00f3n de los niveles de polarizado en los veh\u00edculos. Las autoridades de tr\u00e1nsito informan que se verificar\u00e1 que los autom\u00f3viles cumplan con las normativas vigentes. Aquellos conductores que no acaten la regulaci\u00f3n ser\u00e1n acreedores a una infracci\u00f3n o la remisi\u00f3n de la unidad, seg\u00fan sea el caso.<\/p>\n<p>La Direcci\u00f3n de Tr\u00e1nsito hace un llamado a la ciudadan\u00eda para que colaboren con esta medida. Se les pide a los conductores retirar el polarizado que exceda lo permitido por la ley para evitar contratiempos. Las autoridades esperan que, con estos operativos, se logre un ambiente de mayor seguridad y orden en las vialidades de Tuxpan.<\/p>\n","protected":false},"excerpt":{"rendered":"<p>La Direcci\u00f3n de Tr\u00e1nsito y Vialidad de Tuxpan, Veracruz, ha anunciado una serie de operativos destinados a regular el uso<\/p>\n","protected":false},"author":4,"featured_media":67952,"comment_status":"closed","ping_status":"closed","sticky":false,"template":"","format":"standard","meta":{"colormag_page_container_layout":"default_layout","colormag_page_sidebar_layout":"default_layout","_jetpack_memberships_contains_paid_content":false,"footnotes":"","jetpack_publicize_message":"","jetpack_publicize_feature_enabled":true,"jetpack_social_post_already_shared":true,"jetpack_social_options":{"image_generator_settings":{"template":"highway","default_image_id":0,"font":"","enabled":false},"version":2}},"categories":[1082],"tags":[],"class_list":["post-67951","post","type-post","status-publish","format-standard","has-post-thumbnail","hentry","category-tuxpan"],"jetpack_publicize_connections":[],"jetpack_featured_media_url":"https:\/\/i0.wp.com\/politicosaldesnudo.com.mx\/wp-content\/uploads\/2025\/08\/WhatsApp-Image-2025-07-31-at-13.35.32-2.jpg?fit=1270%2C720&ssl=1","jetpack-related-posts":[],"jetpack_sharing_enabled":true,"_links":{"self":[{"href":"https:\/\/politicosaldesnudo.com.mx\/index.php\/wp-json\/wp\/v2\/posts\/67951","targetHints":{"allow":["GET"]}}],"collection":[{"href":"https:\/\/politicosaldesnudo.com.mx\/index.php\/wp-json\/wp\/v2\/posts"}],"about":[{"href":"https:\/\/politicosaldesnudo.com.mx\/index.php\/wp-json\/wp\/v2\/types\/post"}],"author":[{"embeddable":true,"href":"https:\/\/politicosaldesnudo.com.mx\/index.php\/wp-json\/wp\/v2\/users\/4"}],"replies":[{"embeddable":true,"href":"https:\/\/politicosaldesnudo.com.mx\/index.php\/wp-json\/wp\/v2\/comments?post=67951"}],"version-history":[{"count":0,"href":"https:\/\/politicosaldesnudo.com.mx\/index.php\/wp-json\/wp\/v2\/posts\/67951\/revisions"}],"wp:featuredmedia":[{"embeddable":true,"href":"https:\/\/politicosaldesnudo.com.mx\/index.php\/wp-json\/wp\/v2\/media\/67952"}],"wp:attachment":[{"href":"https:\/\/politicosaldesnudo.com.mx\/index.php\/wp-json\/wp\/v2\/media?parent=67951"}],"wp:term":[{"taxonomy":"category","embeddable":true,"href":"https:\/\/politicosaldesnudo.com.mx\/index.php\/wp-json\/wp\/v2\/categories?post=67951"},{"taxonomy":"post_tag","embeddable":true,"href":"https:\/\/politicosaldesnudo.com.mx\/index.php\/wp-json\/wp\/v2\/tags?post=67951"}],"curies":[{"name":"wp","href":"https:\/\/api.w.org\/{rel}","templated":true}]}}