{"id":67966,"date":"2025-08-01T00:21:38","date_gmt":"2025-08-01T06:21:38","guid":{"rendered":"https:\/\/politicosaldesnudo.com.mx\/?p=67966"},"modified":"2025-08-01T00:21:38","modified_gmt":"2025-08-01T06:21:38","slug":"senadores-de-la-4t-respaldan-a-sheinbaum-tras-negociacion-de-aranceles-con-trump","status":"publish","type":"post","link":"https:\/\/politicosaldesnudo.com.mx\/index.php\/2025\/08\/01\/senadores-de-la-4t-respaldan-a-sheinbaum-tras-negociacion-de-aranceles-con-trump\/","title":{"rendered":"Senadores de la 4T respaldan a Sheinbaum tras negociaci\u00f3n de aranceles con Trump"},"content":{"rendered":"<p class=\"nota-justify\">Los grupos parlamentarios de la 4T en el Senado, expresaron su pleno respaldo a la presidenta Claudia Sheinbaum, despu\u00e9s de que logr\u00f3 negociar con el presidente Donald Trump la pr\u00f3rroga de 90 d\u00edas para la entrada en vigor de nuevos aranceles, \u201clo que permitir\u00e1 avanzar a un acuerdo comercial m\u00e1s s\u00f3lido, justo y sostenible para ambas naciones\u201d.<\/p>\n<p class=\"nota-justify\">A trav\u00e9s de un pronunciamiento p\u00fablico los senadores de Morena, PT y PVEM destacaron la conducci\u00f3n \u201cfirme y responsable\u201d de la presidenta de la rep\u00fablica y reconocieron su \u201cliderazgo firme, visionario y estrat\u00e9gico\u201d, que le permiti\u00f3 privilegiar el di\u00e1logo y la coordinaci\u00f3n bilateral entre M\u00e9xico y Estados Unidos, \u201ca trav\u00e9s del ejercicio pleno de la soberan\u00eda, el entendimiento diplom\u00e1tico y la defensa del inter\u00e9s nacional\u201d.<\/p>\n<p class=\"nota-justify\">En contraparte, desde el PRI se restaron m\u00e9ritos a la negociaci\u00f3n. El coordinador pri\u00edsta, Manuel A\u00f1orve, sostuvo que \u201cel gobierno no cerr\u00f3 ninguna negociaci\u00f3n, solo pate\u00f3 el bote\u00bb y esa pr\u00f3rroga \u00bb solo ampl\u00eda la agon\u00eda\u201d, Asegur\u00f3 que hay \u201c incertidumbre jur\u00eddica y econ\u00f3mica\u201d en el pa\u00eds, lo que provoca la salida de inversiones\u201d.<\/p>\n<p class=\"nota-justify\">Al respecto, el presidente del Senado, Gerardo Fern\u00e1ndez Noro\u00f1a, resalt\u00f3 que fue una negociaci\u00f3n espl\u00e9ndida, por m\u00e1s que lo quiera regatear la oposici\u00f3n.<\/p>\n<p class=\"nota-justify\">\u201cBasta ver el resultado de llo pactado con la Uni\u00f3n Europea, en la que Trump les impuso 15 por ciento de aranceles a sus productos, y ese organismo no le impuso ninguno a Estados Unidos\u201d.<\/p>\n<p class=\"nota-justify\">Lo ideal, agreg\u00f3, ser\u00eda que \u201c no hubiese ya la discusi\u00f3n peri\u00f3dica sobre los aranceles\u201d. Sin embargo, agreg\u00f3 Fern\u00e1ndez Noro\u00f1a, fue muy importante el cierre, \u201cporque no fue una llamada que resolvi\u00f3, sino fue un trabajo del gabinete, del equipo, que estuvo todas estas semanas en contacto con sus pares del gobierno de Estados Unidos para llegar a un acuerdo\u201d-<\/p>\n<p class=\"nota-justify\">Por separado, el vicecoordinador de los senadores de Morena, Ignacio Mier, resalt\u00f3 que \u201c a pesar de los ataques desesperados, sin sustento, falsos, irresponsables y aventureros de la oposici\u00f3n\u201d, la pausa por 90 d\u00edas a la imposici\u00f3n de aranceles del 30 por ciento a las exportaciones mexicanas es una buena noticia, producto principalmente del di\u00e1logo, cabeza fr\u00eda y el trabajo eficiente de la presidenta de M\u00e9xico, Claudia Sheinbaum y su gabinete.<\/p>\n<p class=\"nota-justify\">Igualmente, el presidente de la Comisi\u00f3n de Econom\u00eda, el Morenista Emmanuel Reyes, expuso que se logr\u00f3 un trato diferenciado para M\u00e9xico frente a la imposici\u00f3n generalizada de aranceles y ello implica que \u201cel presidente Trump , por fin reconoce la importancia de M\u00e9xico para Estados Unidos\u201d.<\/p>\n<p class=\"nota-justify\">Por su parte, el coordinador de Movimiento Ciudadano (MC) Clemente Casta\u00f1eda, consider\u00f3 que la \u201ctregua de 90 d\u00edas representa un respiro temporal, que no resuelve de fondo los riesgos que enfrentan sectores estrat\u00e9gicos como el del acero, la industria automotriz y la producci\u00f3n de jitomate.<\/p>\n<p class=\"nota-justify\">\u201cEl gobierno debe actuar con transparencia, defender con firmeza nuestra soberan\u00eda y garantizar que el T-MEC se preserve sin concesiones unilaterales\u201d, recalc\u00f3.<\/p>\n","protected":false},"excerpt":{"rendered":"<p>Los grupos parlamentarios de la 4T en el Senado, expresaron su pleno respaldo a la presidenta Claudia Sheinbaum, despu\u00e9s de<\/p>\n","protected":false},"author":4,"featured_media":67967,"comment_status":"closed","ping_status":"closed","sticky":false,"template":"","format":"standard","meta":{"colormag_page_container_layout":"default_layout","colormag_page_sidebar_layout":"default_layout","_jetpack_memberships_contains_paid_content":false,"footnotes":"","jetpack_publicize_message":"","jetpack_publicize_feature_enabled":true,"jetpack_social_post_already_shared":true,"jetpack_social_options":{"image_generator_settings":{"template":"highway","default_image_id":0,"font":"","enabled":false},"version":2}},"categories":[33],"tags":[],"class_list":["post-67966","post","type-post","status-publish","format-standard","has-post-thumbnail","hentry","category-nacional"],"jetpack_publicize_connections":[],"jetpack_featured_media_url":"https:\/\/i0.wp.com\/politicosaldesnudo.com.mx\/wp-content\/uploads\/2025\/08\/SEDRO.jpg?fit=738%2C528&ssl=1","jetpack-related-posts":[],"jetpack_sharing_enabled":true,"_links":{"self":[{"href":"https:\/\/politicosaldesnudo.com.mx\/index.php\/wp-json\/wp\/v2\/posts\/67966","targetHints":{"allow":["GET"]}}],"collection":[{"href":"https:\/\/politicosaldesnudo.com.mx\/index.php\/wp-json\/wp\/v2\/posts"}],"about":[{"href":"https:\/\/politicosaldesnudo.com.mx\/index.php\/wp-json\/wp\/v2\/types\/post"}],"author":[{"embeddable":true,"href":"https:\/\/politicosaldesnudo.com.mx\/index.php\/wp-json\/wp\/v2\/users\/4"}],"replies":[{"embeddable":true,"href":"https:\/\/politicosaldesnudo.com.mx\/index.php\/wp-json\/wp\/v2\/comments?post=67966"}],"version-history":[{"count":0,"href":"https:\/\/politicosaldesnudo.com.mx\/index.php\/wp-json\/wp\/v2\/posts\/67966\/revisions"}],"wp:featuredmedia":[{"embeddable":true,"href":"https:\/\/politicosaldesnudo.com.mx\/index.php\/wp-json\/wp\/v2\/media\/67967"}],"wp:attachment":[{"href":"https:\/\/politicosaldesnudo.com.mx\/index.php\/wp-json\/wp\/v2\/media?parent=67966"}],"wp:term":[{"taxonomy":"category","embeddable":true,"href":"https:\/\/politicosaldesnudo.com.mx\/index.php\/wp-json\/wp\/v2\/categories?post=67966"},{"taxonomy":"post_tag","embeddable":true,"href":"https:\/\/politicosaldesnudo.com.mx\/index.php\/wp-json\/wp\/v2\/tags?post=67966"}],"curies":[{"name":"wp","href":"https:\/\/api.w.org\/{rel}","templated":true}]}}