{"id":67969,"date":"2025-08-01T00:23:13","date_gmt":"2025-08-01T06:23:13","guid":{"rendered":"https:\/\/politicosaldesnudo.com.mx\/?p=67969"},"modified":"2025-08-01T00:23:13","modified_gmt":"2025-08-01T06:23:13","slug":"senado-invita-a-sheinbaum-a-toma-de-protesta-de-integrantes-del-nuevo-pjf","status":"publish","type":"post","link":"https:\/\/politicosaldesnudo.com.mx\/index.php\/2025\/08\/01\/senado-invita-a-sheinbaum-a-toma-de-protesta-de-integrantes-del-nuevo-pjf\/","title":{"rendered":"Senado invita a Sheinbaum a toma de protesta de integrantes del nuevo PJF"},"content":{"rendered":"<p class=\"nota-justify\">El Senado de la Rep\u00fablica invitar\u00e1 formalmente a la presidenta Claudia Sheinbaum para que asista el pr\u00f3ximo primero de septiembre a la sesi\u00f3n solemne en esa c\u00e1mara, en que rendir\u00e1n protesta los ministros, magistrados y jueces electos el pasado primero de junio.<\/p>\n<p class=\"nota-justify\">Se trata de una sesi\u00f3n nocturna que iniciar\u00e1 a las siete y media y terminar\u00e1 en la madrugada, ya que deber\u00e1n rendir protesta los 881 juzgadores reci\u00e9n electos por el voto popular.<\/p>\n<p class=\"nota-justify\">El presidente del Senado, Gerardo Fern\u00e1ndez Noro\u00f1a, coment\u00f3 que Sheinbaum \u201ccoment\u00f3 hace unos d\u00edas y lo volvi\u00f3 a reiterar, que si es invitada a la toma de protesta del nuevo poder judicial, vendr\u00e1. Desde ya le digo que est\u00e1 invitada , le girar\u00e9 la invitaci\u00f3n\u201d.<\/p>\n<p class=\"nota-justify\">Reconoci\u00f3, sin embargo, que puede haber problemas con el horario de la ejecutiva federal, ya que ese primero de septiembre deber\u00e1 remitir al Congreso su primer informe de labores a las cinco de la tarde y encabezar una ceremonia con ese motivo.<\/p>\n<p class=\"nota-justify\">De todas formas, dijo, \u00e9l le har\u00e1 llegar la invitaci\u00f3n a la presidenta de la rep\u00fablica y ser\u00e1 la nueva directiva del Senado, que presidir\u00e1 una mujer, la que estar\u00e1 a cargo de esa sesi\u00f3n solemne. Le habr\u00eda gustado mucho, resalt\u00f3, estar a cargo de esa ceremonia, con la que culmina la reforma judicial, pero su gesti\u00f3n concluye un d\u00eda antes-<\/p>\n<p class=\"nota-justify\">En base a un acuerdo aprobado por el pleno senatorial, en el pasado per\u00edodo extraordinario, los primeros en rendir protesta, a partir de las 19:30 horas de ese primero de septiembre en que se instala el Congreso, ser\u00e1n los nueve ministros y ministras de la Suprema Corte, los dos nuevos magistrados de Sala Superior del Tribunal Electoral del Poder Judicial (TEPJF) y los de salas regionales del mismo .<\/p>\n<p class=\"nota-justify\">Asimismo, los cinco magistrados del Tribunal de Disciplina Judicial. A partir de ocho de la noche, los 486 magistrados de distrito rendir\u00e1n su protesta y a las once de la noche est\u00e1 programado el inicio de la toma de protesta de los 386 jueces de circuito.<\/p>\n","protected":false},"excerpt":{"rendered":"<p>El Senado de la Rep\u00fablica invitar\u00e1 formalmente a la presidenta Claudia Sheinbaum para que asista el pr\u00f3ximo primero de septiembre<\/p>\n","protected":false},"author":4,"featured_media":67970,"comment_status":"closed","ping_status":"closed","sticky":false,"template":"","format":"standard","meta":{"colormag_page_container_layout":"default_layout","colormag_page_sidebar_layout":"default_layout","_jetpack_memberships_contains_paid_content":false,"footnotes":"","jetpack_publicize_message":"","jetpack_publicize_feature_enabled":true,"jetpack_social_post_already_shared":true,"jetpack_social_options":{"image_generator_settings":{"template":"highway","default_image_id":0,"font":"","enabled":false},"version":2}},"categories":[33],"tags":[],"class_list":["post-67969","post","type-post","status-publish","format-standard","has-post-thumbnail","hentry","category-nacional"],"jetpack_publicize_connections":[],"jetpack_featured_media_url":"https:\/\/i0.wp.com\/politicosaldesnudo.com.mx\/wp-content\/uploads\/2025\/08\/OTSE.jpg?fit=714%2C455&ssl=1","jetpack-related-posts":[],"jetpack_sharing_enabled":true,"_links":{"self":[{"href":"https:\/\/politicosaldesnudo.com.mx\/index.php\/wp-json\/wp\/v2\/posts\/67969","targetHints":{"allow":["GET"]}}],"collection":[{"href":"https:\/\/politicosaldesnudo.com.mx\/index.php\/wp-json\/wp\/v2\/posts"}],"about":[{"href":"https:\/\/politicosaldesnudo.com.mx\/index.php\/wp-json\/wp\/v2\/types\/post"}],"author":[{"embeddable":true,"href":"https:\/\/politicosaldesnudo.com.mx\/index.php\/wp-json\/wp\/v2\/users\/4"}],"replies":[{"embeddable":true,"href":"https:\/\/politicosaldesnudo.com.mx\/index.php\/wp-json\/wp\/v2\/comments?post=67969"}],"version-history":[{"count":0,"href":"https:\/\/politicosaldesnudo.com.mx\/index.php\/wp-json\/wp\/v2\/posts\/67969\/revisions"}],"wp:featuredmedia":[{"embeddable":true,"href":"https:\/\/politicosaldesnudo.com.mx\/index.php\/wp-json\/wp\/v2\/media\/67970"}],"wp:attachment":[{"href":"https:\/\/politicosaldesnudo.com.mx\/index.php\/wp-json\/wp\/v2\/media?parent=67969"}],"wp:term":[{"taxonomy":"category","embeddable":true,"href":"https:\/\/politicosaldesnudo.com.mx\/index.php\/wp-json\/wp\/v2\/categories?post=67969"},{"taxonomy":"post_tag","embeddable":true,"href":"https:\/\/politicosaldesnudo.com.mx\/index.php\/wp-json\/wp\/v2\/tags?post=67969"}],"curies":[{"name":"wp","href":"https:\/\/api.w.org\/{rel}","templated":true}]}}