{"id":67972,"date":"2025-08-01T00:24:49","date_gmt":"2025-08-01T06:24:49","guid":{"rendered":"https:\/\/politicosaldesnudo.com.mx\/?p=67972"},"modified":"2025-08-01T00:24:49","modified_gmt":"2025-08-01T06:24:49","slug":"monreal-rechaza-haber-incurrido-en-actos-ilegales-con-sus-vacaciones-a-espana","status":"publish","type":"post","link":"https:\/\/politicosaldesnudo.com.mx\/index.php\/2025\/08\/01\/monreal-rechaza-haber-incurrido-en-actos-ilegales-con-sus-vacaciones-a-espana\/","title":{"rendered":"Monreal rechaza haber incurrido en actos ilegales con sus vacaciones a Espa\u00f1a"},"content":{"rendered":"<p>En las vacaciones a Espa\u00f1a con su esposa, el coordinador del grupo parlamentario de Morena en la C\u00e1mara de Diputados, Ricardo Monreal, afirm\u00f3 que no incurri\u00f3 en \u00abacto ilegal alguno ni en una conducta indebida\u201d. Asimismo, recalc\u00f3 que dicho viaje fue cubierto con sus propios ingresos, sin utilizar recursos p\u00fablicos.<\/p>\n<p>En conferencia de prensa, el morenista explic\u00f3 que el principal objetivo del viaje fue \u201ccompensar\u201d a su esposa \u201ccon una acci\u00f3n m\u00ednima, en ocasi\u00f3n de nuestro aniversario de matrimonio\u201d, por otros periodos de descanso donde no han estado juntos.<\/p>\n<div id=\"article-content-tts\" class=\"nota-contenido mb-5\">\n<div id=\"content_nitf\">\n<p>\u201cQuienes nos dedicamos al servicio p\u00fablico le quitamos a nuestros hijos, parejas y seres queridos, muchas horas, por la dedicaci\u00f3n de nuestra actividad y responsabilidad. Nunca son resarcidas. Les quitamos calidad de vida, tiempo, y nunca se recuperan\u201d, argument\u00f3 Monreal en su regreso a San L\u00e1zaro.<\/p>\n<p>Resalt\u00f3 \u201ctodo el mundo, hasta ustedes, los periodistas, tienen derecho a viajar con sus parejas\u2026 o con quien quieran, a descansar y a vacacionar de acuerdo con sus posibilidades\u201d.<\/p>\n<p>Insisti\u00f3 que, cuando esos planes se realizan \u201ccon recursos propios de nuestro patrimonio, y se desarrollan sin afectar nuestra responsabilidad constitucional y laboral, no deber\u00edan de ofender o lastimar a persona, periodista, medios de comunicaci\u00f3n o asociaci\u00f3n alguna. Ni fue debido, ni fue ilegal, ni fue inmoral\u201d.<\/p>\n<p>Al extenderse en el tema, Monreal insisti\u00f3 en que el viaje a Espa\u00f1a con su esposa \u2013con quien tambi\u00e9n hizo el llamado Camino de Santiago durante cuatro d\u00edas&#8211; fue \u201cun compromiso de tipo personal, e incluso de tipo religioso, pero no deber\u00eda ser motivo ni de descalificaci\u00f3n ni de escarnio, ni de desprestigio. Aunque as\u00ed lo hacen nuestros adversarios, que aprovechan cualquier circunstancia para intentar desprestigiarnos\u201d.<\/p>\n<p>Cuando se le pregunt\u00f3 qui\u00e9n lo sigui\u00f3 en su viaje al extranjero, Monreal se\u00f1al\u00f3 que, aunque no es la primera vez que va a Espa\u00f1a, \u201cnunca hab\u00eda sentido tanto acoso ah\u00ed\u201d. De igual forma, dijo ignorar si la vigilancia es parte del denominado \u201cfuego amigo\u201d y sugiri\u00f3 que puede tratarse de los partidos de oposici\u00f3n.<\/p>\n<p>\u201cLo que puedo hacer es simplemente cantarles \u2018ya lleg\u00f3 el que andaba ausente\u2019. No pasa nada, es parte de lo que est\u00e1 sucediendo en el pa\u00eds, la polarizaci\u00f3n, la lucha en medios. Ahora, ya con los tel\u00e9fonos y la facilidad medi\u00e1tica, es f\u00e1cil sorprender a cualquier gente en alg\u00fan lugar\u201d, admiti\u00f3.<\/p>\n<p>Tras ser cuestionado en varias ocasiones al respecto, Monreal insisti\u00f3 en que la visibilidad p\u00fablica de sus vacaciones se debe a \u201cuna estrategia de perversi\u00f3n, aunque no lo crean\u201d, la cual le atribuy\u00f3 a la oposici\u00f3n, \u201cporque ellos tienen una narrativa de tratar de deteriorar la imagen de quienes estamos en la 4T, cualquier cosa que hagamos\u201d.<\/p>\n<p>En tono de broma, afirm\u00f3: \u201cPrefiero quedar mal con la oposici\u00f3n que con mi esposa. No saben qu\u00e9 es quedar mal con su esposa o su pareja. No importa (la cr\u00edtica), pero cumpl\u00ed un compromiso de mi esposa. Si no van a cumplir, mejor, no prometan nada. Yo ya le dije a mi esposa \u2018para la pr\u00f3xima, prefiero el pleito contigo\u2019. No se hace nada indebido, pero no es un buen momento pol\u00edtico y hay que hacerle caso a la gente\u201d.<\/p>\n<p>Asimismo, lament\u00f3 que s\u00f3lo los pol\u00edticos morenistas son \u201cexhibidos\u201d en sus vacaciones, pero no los panistas o pri\u00edstas, a muchos de los cuales se encontr\u00f3 en Espa\u00f1a. \u201cNo soy delator, no es mi funci\u00f3n, pero me los encontr\u00e9 en las calles de Madrid y lo que digo es que solo salimos (en las fotos) los de Morena\u201d.<\/p>\n<p>Monreal \u00c1vila, quien se quej\u00f3 de que los medios siguen \u201creciclando\u201d el tema de su utilizaci\u00f3n de un helic\u00f3ptero privado en noviembre de 2024 \u2013episodio por el cual tuvo que disculparse\u2014, se\u00f1al\u00f3 que \u201ccuando era opositor, ya se demostr\u00f3 en el sistema Pegasus, yo era uno de los espiados por los gobiernos del PRI y el PAN; ahora que soy parte de este proceso de transformaci\u00f3n, sigo siendo espiado por los opositores\u201d.<\/p>\n<p>Momentos m\u00e1s tarde, no obstante, neg\u00f3 haber afirmado que lo espiaban. \u201cNo especulo, pero es muy extra\u00f1o que tengan tanto seguimiento a actores determinados, y solo de la 4T, porque los dos d\u00edas que estuve en Madrid, estaba lleno de mexicanos y me encontr\u00e9 a senadores del PAN y del PRI\u201d, cerr\u00f3.<\/p>\n<\/div>\n<\/div>\n<div class=\"notas-relacionadas\"><\/div>\n<div class=\"nota-tags\"><\/div>\n","protected":false},"excerpt":{"rendered":"<p>En las vacaciones a Espa\u00f1a con su esposa, el coordinador del grupo parlamentario de Morena en la C\u00e1mara de Diputados,<\/p>\n","protected":false},"author":4,"featured_media":67973,"comment_status":"closed","ping_status":"closed","sticky":false,"template":"","format":"standard","meta":{"colormag_page_container_layout":"default_layout","colormag_page_sidebar_layout":"default_layout","_jetpack_memberships_contains_paid_content":false,"footnotes":"","jetpack_publicize_message":"","jetpack_publicize_feature_enabled":true,"jetpack_social_post_already_shared":true,"jetpack_social_options":{"image_generator_settings":{"template":"highway","default_image_id":0,"font":"","enabled":false},"version":2}},"categories":[33],"tags":[],"class_list":["post-67972","post","type-post","status-publish","format-standard","has-post-thumbnail","hentry","category-nacional"],"jetpack_publicize_connections":[],"jetpack_featured_media_url":"https:\/\/i0.wp.com\/politicosaldesnudo.com.mx\/wp-content\/uploads\/2025\/08\/senador-ricardo-monreal.jpg?fit=1280%2C853&ssl=1","jetpack-related-posts":[],"jetpack_sharing_enabled":true,"_links":{"self":[{"href":"https:\/\/politicosaldesnudo.com.mx\/index.php\/wp-json\/wp\/v2\/posts\/67972","targetHints":{"allow":["GET"]}}],"collection":[{"href":"https:\/\/politicosaldesnudo.com.mx\/index.php\/wp-json\/wp\/v2\/posts"}],"about":[{"href":"https:\/\/politicosaldesnudo.com.mx\/index.php\/wp-json\/wp\/v2\/types\/post"}],"author":[{"embeddable":true,"href":"https:\/\/politicosaldesnudo.com.mx\/index.php\/wp-json\/wp\/v2\/users\/4"}],"replies":[{"embeddable":true,"href":"https:\/\/politicosaldesnudo.com.mx\/index.php\/wp-json\/wp\/v2\/comments?post=67972"}],"version-history":[{"count":0,"href":"https:\/\/politicosaldesnudo.com.mx\/index.php\/wp-json\/wp\/v2\/posts\/67972\/revisions"}],"wp:featuredmedia":[{"embeddable":true,"href":"https:\/\/politicosaldesnudo.com.mx\/index.php\/wp-json\/wp\/v2\/media\/67973"}],"wp:attachment":[{"href":"https:\/\/politicosaldesnudo.com.mx\/index.php\/wp-json\/wp\/v2\/media?parent=67972"}],"wp:term":[{"taxonomy":"category","embeddable":true,"href":"https:\/\/politicosaldesnudo.com.mx\/index.php\/wp-json\/wp\/v2\/categories?post=67972"},{"taxonomy":"post_tag","embeddable":true,"href":"https:\/\/politicosaldesnudo.com.mx\/index.php\/wp-json\/wp\/v2\/tags?post=67972"}],"curies":[{"name":"wp","href":"https:\/\/api.w.org\/{rel}","templated":true}]}}